{"id":92389,"date":"2015-03-15T00:00:00","date_gmt":"2015-03-15T00:00:00","guid":{"rendered":"https:\/\/smago.de\/ws\/?p=92389"},"modified":"-0001-11-30T00:00:00","modified_gmt":"-0001-11-29T22:00:00","slug":"JUERGEN-DREWS-Feiern-Sie-mit-Ju-92388","status":"publish","type":"post","link":"https:\/\/smago.de\/ws2\/schlager\/JUERGEN-DREWS-Feiern-Sie-mit-Ju-92388\/","title":{"rendered":"J\u00dcRGEN DREWS <br \/>Feiern Sie mit J\u00fcrgen Drews seinen 70. &#8211; am 02.04.2015 im &quot;Hofbr\u00e4u Berlin&quot;!"},"content":{"rendered":"<p>NOCH k\u00f6nnen Sie mit dabei sein&#8230;:\u00a0 <!-more-><\/p>\n<p style=\"text-align: justify;\">J&Uuml;RGEN DREWS wird 70!<\/p>\n<p>Und er m&ouml;chte diesen Tag seinen Fans und Freunden schenken.<\/p>\n<p>J&uuml;rgen Drews pr&auml;gt als S&auml;nger, Komponist und Produzent seit mehr als vier Jahrzehnten wie nur wenige K&uuml;nstler das deutsche Pop- und Schlagergenre. In wenigen Wochen (genau am 2.April) wird der gutaussehende Kultstar unglaubliche 70 Jahre alt.<\/p>\n<p style=\"text-align: justify;\">\n<p><strong>Informationen zur Show &quot;J&uuml;rgen Drews &amp; Band&quot;<\/strong><\/p>\n<p style=\"text-align: justify;\">\n<p>Die Show, die J&uuml;rgen selbst als kleine Zeitreise durch sein Leben bezeichnet, besteht aus zwei Sets, die durch eine 20-30 min&uuml;tige Pause unterbrochen werden.<\/p>\n<p>Im ersten Set k&ouml;nnen sich die Zuschauer auf &auml;ltere Hits freuen, wie zum Beispiel &quot;Wir ziehn heut Abend auf&acute;s Dach&quot; oder &quot;Barfu&szlig; durch den Sommer&quot;. Aber auch auf eine englische Ballade, die jedem eine G&auml;nsehaut verpasst.<\/p>\n<p>J&uuml;rgen l&auml;&szlig;t seine Zeit bei den Les Humphries Singers revue passieren und greift bei einer ganz besonderen Jazz-Einlage selbst zum Banjo.<\/p>\n<p>Das zweite Set beinhaltet dann auch den Partyteil von J&uuml;rgen, aber eben LIVE mit Band. Das kommt absolut super an. Das Publikum erwartet ein ganz besonderer Mix aus vielen Hits &#8211; auch aktuellen &#8211; die J&uuml;rgen in den letzten Jahren hatte, bevor er dann selbst zu E-Gitarre greift.<\/p>\n<p>Eine vielseitige, unterhaltsame und vor allem vielversprechende Show mit besonderen Lichteffekten, Videoeinspielern und vielen Fotos aus dem Leben von J&uuml;rgen Drews, von der die Menschen mit einem L&auml;cheln im Gesicht nach Hause gehen werden.<\/p>\n<p style=\"text-align: justify;\">Veranstalter ist das Hofbr&auml;u Berlin, Karl-Liebknecht-Str. 30, 10178 Berlin.<br \/>\n&nbsp;<\/p>\n<p style=\"text-align: justify;\">&nbsp;<\/p>\n<p style=\"text-align: justify;\">Die telefonische Kartenbestellung ist unter folgenden Nummern m&ouml;glich:<br \/>\n&nbsp;<\/p>\n<p style=\"text-align: justify;\">08122 \/ 964 98 60 10:00 Uhr &ndash; 17:00 Uhr (wochentags)<\/p>\n<p style=\"text-align: justify;\">08122 \/ 964 98 67 17:00 Uhr &ndash; 19:30 Uhr (wochentags)<\/p>\n<p style=\"text-align: justify;\">10:00 Uhr &ndash; 14:00 Uhr (samstags)<\/p>\n<p>\n<strong><a href=\"http:\/\/www.msm-musik.de\/\/index.php?page_id=44&amp;idE=46&amp;idK=27\">HIER<\/a><\/strong> finden Sie zudem noch weitere Informationen!<\/p>\n<p>\n<img decoding=\"async\" alt=\"\" src=\"https:\/\/smago.de\/fotos\/pics\/images\/drews_geb.jpg\" style=\"width: 250px; height: 375px;\" \/><\/p>\n<p>Hofbr\u00e4u Berlin (Textvorlage)<br \/>http:\/\/www.universal-music.de\/company\/umg\/electrola<br \/>http:\/\/juergen-drews.de\/<\/p>\n","protected":false},"excerpt":{"rendered":"<p>NOCH k\u00f6nnen Sie mit dabei sein&#8230;:\u00a0 J&Uuml;RGEN DREWS wird 70! Und er m&ouml;chte diesen Tag seinen Fans und Freunden schenken.<\/p>\n","protected":false},"author":2,"featured_media":92390,"comment_status":"open","ping_status":"open","sticky":false,"template":"","format":"standard","meta":{"_FSMCFIC_featured_image_caption":"","_FSMCFIC_featured_image_nocaption":"","_FSMCFIC_featured_image_hide":""},"categories":[29],"tags":[],"acf":[],"_links":{"self":[{"href":"https:\/\/smago.de\/ws2\/wp-json\/wp\/v2\/posts\/92389"}],"collection":[{"href":"https:\/\/smago.de\/ws2\/wp-json\/wp\/v2\/posts"}],"about":[{"href":"https:\/\/smago.de\/ws2\/wp-json\/wp\/v2\/types\/post"}],"author":[{"embeddable":true,"href":"https:\/\/smago.de\/ws2\/wp-json\/wp\/v2\/users\/2"}],"replies":[{"embeddable":true,"href":"https:\/\/smago.de\/ws2\/wp-json\/wp\/v2\/comments?post=92389"}],"version-history":[{"count":0,"href":"https:\/\/smago.de\/ws2\/wp-json\/wp\/v2\/posts\/92389\/revisions"}],"wp:featuredmedia":[{"embeddable":true,"href":"https:\/\/smago.de\/ws2\/wp-json\/wp\/v2\/media\/92390"}],"wp:attachment":[{"href":"https:\/\/smago.de\/ws2\/wp-json\/wp\/v2\/media?parent=92389"}],"wp:term":[{"taxonomy":"category","embeddable":true,"href":"https:\/\/smago.de\/ws2\/wp-json\/wp\/v2\/categories?post=92389"},{"taxonomy":"post_tag","embeddable":true,"href":"https:\/\/smago.de\/ws2\/wp-json\/wp\/v2\/tags?post=92389"}],"curies":[{"name":"wp","href":"https:\/\/api.w.org\/{rel}","templated":true}]}}