{"id":72241,"date":"2016-10-30T00:00:00","date_gmt":"2016-10-30T00:00:00","guid":{"rendered":"https:\/\/smago.de\/ws\/?p=72241"},"modified":"-0001-11-30T00:00:00","modified_gmt":"-0001-11-29T22:00:00","slug":"UDO-JUERGENS-Wissenswertes-uebe-72240","status":"publish","type":"post","link":"https:\/\/smago.de\/ws2\/schlager\/UDO-JUERGENS-Wissenswertes-uebe-72240\/","title":{"rendered":"UDO J\u00dcRGENS <br \/>Wissenswertes \u00fcber &quot;Merci, Udo&quot;! &#8211; Die umfangreichste Udo J\u00fcrgens-Werkschau aller Zeiten!"},"content":{"rendered":"<p>Ab 25.11.2016 erh\u00e4ltlich als 2CD Standard Edition, 3CD Premium Edition, 3Vinyl-Box, 3DVD Box!\u00a0 <!-more-><\/p>\n<p style=\"text-align: justify;\">Knapp zwei Jahre nach dem Tod des Jahrhundertk&uuml;nstlers Udo J&uuml;rgens (21.12.2014) und zum 50.Jubil&auml;um von &quot;Merci Cherie&quot; erscheint im November 2016 die liebevoll und dramaturgisch zusammengestellte Kollektion &quot;Merci, Udo!&ldquo;<\/p>\n<p>Diese Compilation vereint erstmals alle gro&szlig;en Udo J&uuml;rgens Hits, die Originalversionen seiner ESC Welterfolge der 60er, die gro&szlig;en Kult-Songs wie &bdquo;Griechischer Wein&ldquo;, &bdquo;Aber bitte mit Sahne&ldquo;, &bdquo;Mit 66 Jahren&ldquo;, &bdquo;Paris &ndash; einfach so nur zum Spa&szlig;&ldquo; (Originalaufnahme), &bdquo;Liebe ohne Leiden&ldquo; oder &nbsp;&bdquo;Ich war noch niemals in New York&ldquo;, aber auch lang erwartete erstmals auf CD erh&auml;ltliche Rarit&auml;ten wie &bdquo;Ich glaube&ldquo; (Originalaufnahme), &bdquo;Spiel Zigan&ldquo;, &nbsp;die internationale Version des Duetts &bdquo;I can, I will&ldquo;, sowie unver&ouml;ffentlichte Versionen seiner gro&szlig;en Lieder wie als besonderes Highlight das emotionale Duett &bdquo;Ich glaube&ldquo; mit Xavier Naidoo aus dem Jahr 2000.<\/p>\n<p>Von 1960 bis 2014 sind hier alle gro&szlig;en Hits vertreten. Bei dieser Kollektion kommen sowohl die Freunde der gro&szlig;en Udo J&uuml;rgens Songs als auch die Fans auf ihre Kosten.<\/p>\n<p>&bdquo;Merci, Udo!&ldquo; erscheint als Standard Doppel-CD, als 3CD Premium Edition im edlen Ecolebook, die um 23 Tracks erg&auml;nzt wird und ein umfangreiches Booklet mit legend&auml;ren und unbekannten Bildern der originalen Fotosessions aus &uuml;ber 50 Jahren enth&auml;lt.<\/p>\n<p>Nach &uuml;ber 12 Jahren ver&ouml;ffentlicht Sony Music mit &bdquo;Merci, Udo!&ldquo; auch erstmals wieder einen Udo J&uuml;rgens Tontr&auml;ger auf Vinyl. Die wertige 3er Vinyl-Box kommt mit einem umfangreichen gro&szlig;formatigen Booklet und enth&auml;lt einen chronologischen Querschnitt der gr&ouml;&szlig;ten Udo J&uuml;rgens Erfolge aus &uuml;ber 50 Jahren.<\/p>\n<p>Erstmalig erscheint auch eine chronologisch zusammengestellte 3er DVD Box mit den legend&auml;ren TV-Auftritten von Udo J&uuml;rgens z.B. bei &bdquo;Wetten, dass..?&ldquo;, &bdquo;Starparade&ldquo; oder &bdquo;ZDF Disco&ldquo; und vielen Rarit&auml;ten. Als Bonus enth&auml;lt die Box neben der begehrten Kultshow &bdquo;Udo live 77&ldquo; in voller L&auml;ge das K&uuml;nstlerportrait &bdquo;Udo J&uuml;rgens und seine Musik&ldquo; aus dem Jahre 1969, sowie den &bdquo;Silvester-Gala-Abend 1983&ldquo; und die Dokumentation &bdquo;Portrait ohne Maske&ldquo; von 1989.<\/p>\n<p>Diese Ver&ouml;ffentlichungen bilden auch zugleich den Startschuss einer Reihe von Produktplanungen, die das musikalische Gesamtlebenswerk des Ausnahmek&uuml;nstlers in den kommenden Jahren dokumentieren sollen. Sony Music wird weiterhin und langfristig den gesamten Katalog aller Udo-J&uuml;rgens-Tonaufnahmen vertreiben. Udo J&uuml;rgens hat im Laufe seiner &uuml;ber 60 Jahre w&auml;hrenden Musikkarriere &uuml;ber 1000 Eigenkompositionen und mehr als 50 Albumver&ouml;ffentlichungen gez&auml;hlt. J&uuml;rgens war seit 1967 bei Ariola unter Vertrag, erhielt 1993 einen lebenslangen Vertrag und blieb dem Label auch zeitlebens treu.<\/p>\n<p>Insgesamt hat er mehr als 105 Millionen Tontr&auml;ger verkauft und zudem Songs f&uuml;r nationale und internationale K&uuml;nstler geschrieben. J&uuml;rgens&#39; letztes Studioalbum, &quot;Mitten im Leben&quot;, ist im Fr&uuml;hjahr 2014 erschienen. Das Tribute-Album anl&auml;sslich seines 80. Geburtstages kurz vor seinem pl&ouml;tzlichen Tod am 21.Dezember 2014&nbsp; erreichte Platz 1 in den deutschen Albumcharts und wurde mit Platin ausgezeichnet.<\/p>\n<p>Darauf folgte im M&auml;rz 2015 &quot;Udo J&uuml;rgens &#8211; Das letzte Konzert &#8211; Z&uuml;rich 2014&quot; und im November 2015 &bdquo;Best of live &ndash; Die Tourneeh&ouml;hepunkte Vol.2&ldquo;.<\/p>\n<p>&bdquo;Merci, Udo!&ldquo; ist nun die dritte offizielle Ver&ouml;ffentlichung nach seinem Tod und bildet mit den weiteren Produktkonfigurationen der Reihe &bdquo;Merci, Udo!&ldquo; die wohl umfangreichste Udo J&uuml;rgens Werkschau aller Zeiten.<\/p>\n<p><img decoding=\"async\" alt=\"\" src=\"https:\/\/smago.de\/fotos\/pics\/images\/uj_dcd.jpg\" style=\"width: 512px; height: 512px;\" \/><\/p>\n<p><img decoding=\"async\" alt=\"\" src=\"https:\/\/smago.de\/fotos\/pics\/images\/uj_3cd2.jpg\" style=\"width: 512px; height: 450px;\" \/><\/p>\n<p><img decoding=\"async\" alt=\"\" src=\"https:\/\/smago.de\/fotos\/pics\/images\/uj_dvd.jpg\" style=\"width: 366px; height: 512px;\" \/><\/p>\n<p><img decoding=\"async\" alt=\"\" src=\"https:\/\/smago.de\/fotos\/pics\/images\/uj_dvd_back.jpg\" style=\"width: 358px; height: 512px;\" \/><\/p>\n<p>\n<img decoding=\"async\" alt=\"\" src=\"https:\/\/smago.de\/fotos\/pics\/images\/uj_vinyl.jpg\" style=\"width: 512px; height: 512px;\" \/><\/p>\n<p>&nbsp;<\/p>\n<p>Catalog &#038; Media Concepts &#8211; Sony Music Entertainment (Textvorlage)<br \/>https:\/\/www.sonymusic.de\/catalog-and-media-concepts<br \/>http:\/\/www.udojuergens.de<\/p>\n","protected":false},"excerpt":{"rendered":"<p>Ab 25.11.2016 erh\u00e4ltlich als 2CD Standard Edition, 3CD Premium Edition, 3Vinyl-Box, 3DVD Box!\u00a0 Knapp zwei Jahre nach dem Tod des<\/p>\n","protected":false},"author":2,"featured_media":72242,"comment_status":"open","ping_status":"open","sticky":false,"template":"","format":"standard","meta":{"_FSMCFIC_featured_image_caption":"","_FSMCFIC_featured_image_nocaption":"","_FSMCFIC_featured_image_hide":""},"categories":[29],"tags":[],"acf":[],"_links":{"self":[{"href":"https:\/\/smago.de\/ws2\/wp-json\/wp\/v2\/posts\/72241"}],"collection":[{"href":"https:\/\/smago.de\/ws2\/wp-json\/wp\/v2\/posts"}],"about":[{"href":"https:\/\/smago.de\/ws2\/wp-json\/wp\/v2\/types\/post"}],"author":[{"embeddable":true,"href":"https:\/\/smago.de\/ws2\/wp-json\/wp\/v2\/users\/2"}],"replies":[{"embeddable":true,"href":"https:\/\/smago.de\/ws2\/wp-json\/wp\/v2\/comments?post=72241"}],"version-history":[{"count":0,"href":"https:\/\/smago.de\/ws2\/wp-json\/wp\/v2\/posts\/72241\/revisions"}],"wp:featuredmedia":[{"embeddable":true,"href":"https:\/\/smago.de\/ws2\/wp-json\/wp\/v2\/media\/72242"}],"wp:attachment":[{"href":"https:\/\/smago.de\/ws2\/wp-json\/wp\/v2\/media?parent=72241"}],"wp:term":[{"taxonomy":"category","embeddable":true,"href":"https:\/\/smago.de\/ws2\/wp-json\/wp\/v2\/categories?post=72241"},{"taxonomy":"post_tag","embeddable":true,"href":"https:\/\/smago.de\/ws2\/wp-json\/wp\/v2\/tags?post=72241"}],"curies":[{"name":"wp","href":"https:\/\/api.w.org\/{rel}","templated":true}]}}