{"id":71572,"date":"2016-11-23T00:00:00","date_gmt":"2016-11-23T00:00:00","guid":{"rendered":"https:\/\/smago.de\/ws\/?p=71572"},"modified":"-0001-11-30T00:00:00","modified_gmt":"-0001-11-29T22:00:00","slug":"JUERGEN-DREWS-Juergen-Drews-M-71571","status":"publish","type":"post","link":"https:\/\/smago.de\/ws2\/schlager\/JUERGEN-DREWS-Juergen-Drews-M-71571\/","title":{"rendered":"J\u00dcRGEN DREWS <br \/>J\u00fcrgen Drews &#8211; &quot;Mitarbeiter des Monats&quot; der &quot;Schlagern\u00e4chte des Jahres&quot;!"},"content":{"rendered":"<p>Warum sich &#8222;Onkel J\u00fcrgen&#8220; in ganz besonderer Weise um die &#8222;Schlagernacht des Jahres&#8220; in Berlin verdient gemacht hat &#8230;:\u00a0 <!-more-><\/p>\n<p style=\"text-align: justify;\"><em>smago!<\/em> k&uuml;rt J&Uuml;RGEN DREWS zum &quot;Mitarbeiter des Monats&quot; der &quot;Schlagern&auml;chte des Jahres&quot;!<\/p>\n<p>Doch wie gehabt: Alles immer sch&ouml;n der Reihe nach &#8230;<\/p>\n<p>F&uuml;r gew&ouml;hnlich verh&auml;lt es sich bei J&uuml;rgen Drews, dem selbsternannten &quot;Master Of Desaster&quot; so, dass er erst unmittelbar vor seinem Auftritt auftaucht und gleich danach wieder von dannen zieht. Ganz speziell an den Wochenenden hat &quot;Onkel J&uuml;rgen&quot; n&auml;mlich meist gleich mehrere Jobs an einem Abend \/ in einer Nacht.<\/p>\n<p>Bei der &quot;Schlagernacht des Jahres&quot; in der Mercedes Benz Arena Berlin am vergangenen Samstag (19.11.2016) verhielt sich es jedoch komplett anders. Obwohl J&uuml;rgen Drews am Vortag in Limburg ein 2 &frac12;-st&uuml;ndiges Live-Konzert mit Band (im &Uuml;brigen vor mehr als 1.000 Zuschauern) absolviert hatte und obwohl sein Auftritt bei der &quot;Schlagernacht des Jahres&quot; erst f&uuml;r 23:30 Uhr vorgesehen war, war &quot;Onkel J&uuml;rgen&quot; bereits um 17:00 Uhr (!) zur Stelle.<\/p>\n<p>Grund hierf&uuml;r: Seine B&uuml;roleiterin Christine Knoche-Gaydos betreut neben J&uuml;rgen Drews und G.G. Anderson neuerdings auch Anni Perka. Und den Auftritt von Anni Perka hatten die Veranstalter an die 1. Stelle (18:00 Uhr) gesetzt; J&uuml;rgen Drews sollte zu vorger&uuml;ckter Stunde gegen 23:30 Uhr als 13. und letzter K&uuml;nstler das Programm beschlie&szlig;en.<\/p>\n<p>Da &quot;Onkel J&uuml;rgen&quot; &quot;gut geschlafen&quot; hatte, wie er <em>smago!<\/em> erz&auml;hlte, entschloss er sich spontan dazu, die &quot;Schlagern&auml;chte des Jahres&quot; einmal komplett selbst als Gast miterleben zu wollen.&nbsp;<\/p>\n<p>Und was sollen wir Ihnen sagen &#8230;? J&uuml;rgen Drews sah sich tats&auml;chlich ALLE Auftritte seiner Kolleginnen und Kollegen an. In der Pause sorgte er backstage im Catering (<em>&quot;Ich k&ouml;nnte mich totfressen hier &#8211; so gut schmeckt es mir&quot;<\/em>, lobte er) mit diversen Anekdoten f&uuml;r beste Unterhaltung und lobte speziell seine Kollegin Michelle, die (nach der Pause) nach Sarah Jane Scott auf der B&uuml;hne stand:<em> &quot;Die hat eine Stimme, die geht durch alle W&auml;nde durch&quot;.<\/em><\/p>\n<p>Als gegen +\/- 23:40 Uhr dann endlich sein Auftritt nahte, war &quot;Onkel J&uuml;rgen&quot; ziemlich &quot;crocky&quot;: <em>&quot;Ich kann nicht mehr !!! Ich bin fertig !!!&quot;, <\/em>sagte er auf der B&uuml;hne.<em> &quot;Wie macht IHR das blo&szlig; &#8230;?!&quot;.<\/em><\/p>\n<p>Erneut zollte er seinen Kollegen Respekt: <em>&quot;Ich darf meine Bewunderung zum Ausdruck bringen&quot;.<\/em><\/p>\n<p>Gegen&uuml;ber smago! Chefredakteur Andy Tichler versicherte er noch einmal ausdr&uuml;cklich: <em>&quot;Es war das erste Mal, dass ich mir eine komplette Show angesehen habe.&quot;.<\/em><\/p>\n<p>\n<em>smago! <\/em>meint: Eine gro&szlig;e Geste eines der Gr&ouml;&szlig;ten, die wir haben. Wenn das nicht zum &quot;Mitarbeiter des Monats&quot; (aus)reicht &#8230;<\/p>\n<p>\n&Uuml;brigens: Alle, die sich bereits eine Karte f&uuml;r die &quot;Schlagernacht des Jahres&quot; am kommenden Samstag (26.11.2016) in der Festhalle Frankfurt gekauft haben, d&uuml;rfen frohlocken. Als Ausgleich f&uuml;r die verhinderte Michelle (&quot;DSDS&quot;) sowie als Ausgleich f&uuml;r Semino Rossi (tritt in der Sendung &quot;Das Adventsfest der 100.000 Lichter&quot; auf) konnte &#8211; neben Julian David und G.G. Anderson &#8211; auch &quot;Onkel J&uuml;rgen&quot; verpflichtet werden.<\/p>\n<p>Andy Tichler, Chefredakteur www.smago.de<\/p>\n<p>http:\/\/juergen-drews.de\/<\/p>\n","protected":false},"excerpt":{"rendered":"<p>Warum sich &#8222;Onkel J\u00fcrgen&#8220; in ganz besonderer Weise um die &#8222;Schlagernacht des Jahres&#8220; in Berlin verdient gemacht hat &#8230;:\u00a0 smago!<\/p>\n","protected":false},"author":2,"featured_media":71573,"comment_status":"open","ping_status":"open","sticky":false,"template":"","format":"standard","meta":{"_FSMCFIC_featured_image_caption":"","_FSMCFIC_featured_image_nocaption":"","_FSMCFIC_featured_image_hide":""},"categories":[29],"tags":[],"acf":[],"_links":{"self":[{"href":"https:\/\/smago.de\/ws2\/wp-json\/wp\/v2\/posts\/71572"}],"collection":[{"href":"https:\/\/smago.de\/ws2\/wp-json\/wp\/v2\/posts"}],"about":[{"href":"https:\/\/smago.de\/ws2\/wp-json\/wp\/v2\/types\/post"}],"author":[{"embeddable":true,"href":"https:\/\/smago.de\/ws2\/wp-json\/wp\/v2\/users\/2"}],"replies":[{"embeddable":true,"href":"https:\/\/smago.de\/ws2\/wp-json\/wp\/v2\/comments?post=71572"}],"version-history":[{"count":0,"href":"https:\/\/smago.de\/ws2\/wp-json\/wp\/v2\/posts\/71572\/revisions"}],"wp:featuredmedia":[{"embeddable":true,"href":"https:\/\/smago.de\/ws2\/wp-json\/wp\/v2\/media\/71573"}],"wp:attachment":[{"href":"https:\/\/smago.de\/ws2\/wp-json\/wp\/v2\/media?parent=71572"}],"wp:term":[{"taxonomy":"category","embeddable":true,"href":"https:\/\/smago.de\/ws2\/wp-json\/wp\/v2\/categories?post=71572"},{"taxonomy":"post_tag","embeddable":true,"href":"https:\/\/smago.de\/ws2\/wp-json\/wp\/v2\/tags?post=71572"}],"curies":[{"name":"wp","href":"https:\/\/api.w.org\/{rel}","templated":true}]}}