{"id":71551,"date":"2016-11-23T13:18:00","date_gmt":"2016-11-23T13:18:00","guid":{"rendered":"https:\/\/smago.de\/ws\/?p=71551"},"modified":"-0001-11-30T00:00:00","modified_gmt":"-0001-11-29T22:00:00","slug":"EUROVISION-SONG-CONTEST-Eurovis-71550","status":"publish","type":"post","link":"https:\/\/smago.de\/ws2\/pop\/EUROVISION-SONG-CONTEST-Eurovis-71550\/","title":{"rendered":"&quot;EUROVISION SONG CONTEST&quot; <br \/>&quot;Eurovision Song Contest &#8211; Unser Song 2017&quot;: Tickets f\u00fcr Generalprobe ab sofort erh\u00e4ltlich!"},"content":{"rendered":"<p>Die Tickets f\u00fcr die Generalprobe kosten 18 Euro und sind an den bekannten Vorverkaufsstellen zu haben!\u00a0 <!-more-><\/p>\n<p style=\"text-align: justify;\">Wer kein Ticket f&uuml;r die ausverkaufte Show &quot;Eurovision Song Contest &#8211; Unser Song 2017&quot; ergattern konnte, hat trotzdem noch eine Chance, den deutschen ESC-Vorentscheid in K&ouml;ln live zu erleben: Ab sofort gibt es Tickets f&uuml;r die Generalprobe. Sie beginnt am Donnerstag, 9. Februar, um 15.30 Uhr. Abends ab 20.15 Uhr &uuml;bertr&auml;gt Das Erste &quot;Eurovision Song Contest &#8211; Unser Song 2017&quot; live. In der von Barbara Sch&ouml;neberger moderierten Show entscheidet sich, wer von f&uuml;nf Nachwuchs-S&auml;ngerinnen und -S&auml;ngern Deutschland im kommenden Jahr beim ESC in Kiew vertritt. Die Kandidaten treten in &quot;Eurovision Song Contest &#8211; Unser Song 2017&quot; mit speziell f&uuml;r den ESC geschriebenen Songs an. Lena, Tim Bendzko und Florian Silbereisen kommentieren die Auftritte in der Show, am Ende w&auml;hlt das TV-Publikum Interpret und Lied.<\/p>\n<p>Die Tickets f&uuml;r die Generalprobe kosten 18 Euro und sind an den bekannten Vorverkaufsstellen zu haben, im Internet unter <a href=\"http:\/\/www.unser-song-2017.de\">www.unser-song-2017.de<\/a> und &uuml;ber die Tickethotline 01806 &#8211; 570 070 (Kosten: 0,20 &euro;\/Anruf inkl. MwSt aus dem Festnetz, max. 0,60 &euro;\/Anruf inkl. MwSt aus den Mobilfunknetzen). Der deutsche ESC-Vorentscheid wird im Studio von Raab TV in K&ouml;ln-M&uuml;lheim produziert, Schanzenstra&szlig;e 22. Die Sendung ist eine Ko-Eigenproduktion des NDR mit Raab TV.<\/p>\n<p>Die Bewerbungsfrist f&uuml;r alle K&uuml;nstlerinnen und K&uuml;nstler, die an einer Teilnahme interessiert sind, endete am vergangenen Freitag, 18. November. In dieser Woche w&auml;hlen Vertreterinnen und Vertreter des deutschen ESC-Federf&uuml;hrers NDR und der ARD, der Produktionsfirma sowie der musikalische Leiter Wolfgang Dalheimer unter allen Bewerbern rund 30 junge Leute aus, die zu einer Convention Anfang Dezember eingeladen werden. Bei der Convention singen sie live vor. Aus diesem Kreis kommen die f&uuml;nf Teilnehmer des deutschen ESC-Vorentscheides.<\/p>\n<p>NDR (Textvorlage)<br \/>http:\/\/www.eurovision.tv<br \/>http:\/\/www.eurovision.de<\/p>\n","protected":false},"excerpt":{"rendered":"<p>Die Tickets f\u00fcr die Generalprobe kosten 18 Euro und sind an den bekannten Vorverkaufsstellen zu haben!\u00a0 Wer kein Ticket f&uuml;r<\/p>\n","protected":false},"author":2,"featured_media":71552,"comment_status":"open","ping_status":"open","sticky":false,"template":"","format":"standard","meta":{"_FSMCFIC_featured_image_caption":"","_FSMCFIC_featured_image_nocaption":"","_FSMCFIC_featured_image_hide":""},"categories":[27],"tags":[],"acf":[],"_links":{"self":[{"href":"https:\/\/smago.de\/ws2\/wp-json\/wp\/v2\/posts\/71551"}],"collection":[{"href":"https:\/\/smago.de\/ws2\/wp-json\/wp\/v2\/posts"}],"about":[{"href":"https:\/\/smago.de\/ws2\/wp-json\/wp\/v2\/types\/post"}],"author":[{"embeddable":true,"href":"https:\/\/smago.de\/ws2\/wp-json\/wp\/v2\/users\/2"}],"replies":[{"embeddable":true,"href":"https:\/\/smago.de\/ws2\/wp-json\/wp\/v2\/comments?post=71551"}],"version-history":[{"count":0,"href":"https:\/\/smago.de\/ws2\/wp-json\/wp\/v2\/posts\/71551\/revisions"}],"wp:featuredmedia":[{"embeddable":true,"href":"https:\/\/smago.de\/ws2\/wp-json\/wp\/v2\/media\/71552"}],"wp:attachment":[{"href":"https:\/\/smago.de\/ws2\/wp-json\/wp\/v2\/media?parent=71551"}],"wp:term":[{"taxonomy":"category","embeddable":true,"href":"https:\/\/smago.de\/ws2\/wp-json\/wp\/v2\/categories?post=71551"},{"taxonomy":"post_tag","embeddable":true,"href":"https:\/\/smago.de\/ws2\/wp-json\/wp\/v2\/tags?post=71551"}],"curies":[{"name":"wp","href":"https:\/\/api.w.org\/{rel}","templated":true}]}}