{"id":71110,"date":"2016-12-05T00:00:00","date_gmt":"2016-12-05T00:00:00","guid":{"rendered":"https:\/\/smago.de\/ws\/?p=71110"},"modified":"-0001-11-30T00:00:00","modified_gmt":"-0001-11-29T22:00:00","slug":"FLORIAN-SILBEREISEN-TELAMO-biet-71109","status":"publish","type":"post","link":"https:\/\/smago.de\/ws2\/schlager\/FLORIAN-SILBEREISEN-TELAMO-biet-71109\/","title":{"rendered":"FLORIAN SILBEREISEN <br \/>TELAMO bietet Florian Silbereisen &#038; Co. Paroli &#8211; mit dem 3-CD Box-Set &quot;Die Hit-Champions des Schlagers&quot;!"},"content":{"rendered":"<p>Zeitgleich &#8211; am 06.01.2017 &#8211; erscheint n\u00e4mlich auch die von Florian Silbereisen pr\u00e4sentierte Doppel-CD &#8222;Schlagerchampions &#8211; Das gro\u00dfe Fest der Besten&#8220; zur gleichnamigen TV-Show am 07.01.2017!\u00a0 <!-more-><\/p>\n<p style=\"text-align: justify;\">TELAMO beweist Mut zum Mut&quot;, w&uuml;rde der gro&szlig;e Hans R. Beierlein sagen &#8230;<\/p>\n<p>Am 6. Januar 2017 ver&ouml;ffentlicht das Label f&uuml;r Musik &amp; Unterhaltung n&auml;mlich ein 3-CD Box-Set namens &quot;Die Hit-Champions des Schlagers&quot;.<\/p>\n<p>Das an sich w&auml;re bei weitem nicht so &quot;pikant&quot;, w&uuml;rde am 06.01.2017 nicht auch die von Florian Silbereisen pr&auml;sentierte Doppel-CD &quot;Schlagerchampions &#8211; Das gro&szlig;e Fest der Besten&quot; (zur gleichnamigen TV-Show am 07.01.2016 im Ersten \/ in der ARD sowie in ORF 2) erscheinen.<\/p>\n<p style=\"text-align: justify;\">&nbsp;<\/p>\n<p style=\"text-align: justify;\">\n<p><strong>TITELLISTE<\/strong><\/p>\n<p style=\"text-align: justify;\">\n<strong><em>CD 1<\/em><\/strong><\/p>\n<p style=\"text-align: justify;\">01&nbsp;&nbsp; &nbsp;Andreas Martin&nbsp;&nbsp; Der liebe Gott &#8211; 3:41 Min.<br \/>\n02&nbsp;&nbsp; &nbsp;Duo Schlag(er)Sahne&nbsp;&nbsp; Weisser Stern (von Alcunar) [Otto-Normalverbraucher-Mix] &#8211; 2:27 Min.<br \/>\n03&nbsp;&nbsp; &nbsp;Anna-Maria Zimmermann&nbsp;&nbsp; Du hast mir so den Kopf verdreht (Radio-Mix) &#8211; 2:56 Min.<br \/>\n04&nbsp;&nbsp; &nbsp;Uta Bresan &amp; Olaf Berger&nbsp;&nbsp; Warum hast du nicht nein gesagt &#8211; 3:38 Min.<br \/>\n05&nbsp;&nbsp; &nbsp;Ross Antony&nbsp;&nbsp; Die Sonne scheint die ganze Nacht &#8211; 3:18 Min.<br \/>\n06&nbsp;&nbsp; &nbsp;Monika Martin&nbsp;&nbsp; Sehnsucht nach Liebe &#8211; 3:36 Min.<br \/>\n07&nbsp;&nbsp; &nbsp;G.G. Anderson&nbsp;&nbsp; Denkst du vielleicht an ihn &#8211; 3:40 Min.<br \/>\n08&nbsp;&nbsp; &nbsp;Andrea Berg&nbsp;&nbsp; Hit-Medley (Die Gef&uuml;hle haben Schweigepflicht 02:10; Wenn&#39;s heute passiert 01:32; Mach mir sch&ouml;ne Augen 01:26) &#8211; 5:08 Min.<br \/>\n09&nbsp;&nbsp; &nbsp;Norman Langen&nbsp;&nbsp; Engelexemplar &#8211; 3:19 Min.<br \/>\n10&nbsp;&nbsp; &nbsp;Annemarie Eilfeld&nbsp;&nbsp; Keine Panik &#8211; 3:03 Min.<br \/>\n11&nbsp;&nbsp; &nbsp;J&ouml;rg Bausch&nbsp;&nbsp; Himmelsph&auml;nomen &#8211; 3:16 Min.<br \/>\n12&nbsp;&nbsp; &nbsp;Nature Life&nbsp;&nbsp; Am Tag als Conny Kramer starb (De Lancaster RMX) &#8211; 4:20 Min.<br \/>\n13&nbsp;&nbsp; &nbsp;Markus Luca&nbsp;&nbsp; Nie mehr ohne Dich (Remix) &#8211; 4:33 Min.<br \/>\n14&nbsp;&nbsp; &nbsp;Linda F&auml;h&nbsp;&nbsp; Crazy Night (FloorEnce Remix) &#8211; 3:28 Min.<br \/>\n15&nbsp;&nbsp; &nbsp;Frank Cordes&nbsp;&nbsp; Der Morgen mit Dir (Remix) &#8211; 3:07 Min.<\/p>\n<p style=\"text-align: justify;\"><em><strong>CD 2<\/strong><\/em><\/p>\n<p style=\"text-align: justify;\">01&nbsp;&nbsp; &nbsp;Nino de Angelo (Drafi Deutscher Coverversion)&nbsp;&nbsp; Dich holt niemand mehr zur&uuml;ck &#8211; 3:45 Min.<br \/>\n02&nbsp;&nbsp; &nbsp;Vicky Leandros&nbsp;&nbsp; Die Liebe stellt keine Fragen &#8211; 3:34 Min.<br \/>\n03&nbsp;&nbsp; &nbsp;Roland Kaiser&nbsp;&nbsp; Es war einmal ein Tr&auml;umer &#8211; 3:22 Min.<br \/>\n04&nbsp;&nbsp; &nbsp;Maite Kelly&nbsp;&nbsp; Du glaubst Du kennst mich &#8211; 3:05 Min.<br \/>\n05&nbsp;&nbsp; &nbsp;Olaf Berger&nbsp;&nbsp; Du und ich (Duett mit Tochter Maria) (Radio Version) &#8211; 3:15 Min.<br \/>\n06&nbsp;&nbsp; &nbsp;Ireen Sheer&nbsp;&nbsp; Tanz noch einmal mit mir &#8211; 3:14 Min.<br \/>\n07&nbsp;&nbsp; &nbsp;Oliver Thomas&nbsp;&nbsp; Herzmission &#8211; 3:37 Min.<br \/>\n08&nbsp;&nbsp; &nbsp;Wind&nbsp;&nbsp; An ein Wunder muss man glauben &#8211; 3:38 Min.<br \/>\n09&nbsp;&nbsp; &nbsp;Linda Feller&nbsp;&nbsp; M&auml;nner leiden sehr &#8211; 3:05 Min.<br \/>\n10&nbsp;&nbsp; &nbsp;Truck Stop&nbsp;&nbsp; Die Party geht weiter &#8211; 3:13 Min.<br \/>\n11&nbsp;&nbsp; &nbsp;Tom Astor&nbsp;&nbsp; California Blue &#8211; 3:38 Min.<br \/>\n12&nbsp;&nbsp; &nbsp;Tina York&nbsp;&nbsp; Das mach ich doch mit links (Radiomix) &#8211; 3:22 Min.<br \/>\n13&nbsp;&nbsp; &nbsp;Michael Hirte&nbsp;&nbsp; Zwei gute Freunde &#8211; 2:57 Min.<br \/>\n14&nbsp;&nbsp; &nbsp;Nicole&nbsp;&nbsp; Symphony d&#39;Amour &#8211; 3:39 Min.<br \/>\n15&nbsp;&nbsp; &nbsp;Angelika Milster&nbsp;&nbsp; Weil mein Herz Dich nie mehr vergisst (My Heart Will Go On) &#8211; 3:00 Min.<\/p>\n<p style=\"text-align: justify;\"><strong><em>CD 3<\/em><\/strong><\/p>\n<p style=\"text-align: justify;\">01&nbsp;&nbsp; &nbsp;Calimeros&nbsp;&nbsp; Der Himmel brennt &#8211; 2:59 Min.<br \/>\n02&nbsp;&nbsp; &nbsp;Andrea J&uuml;rgens&nbsp;&nbsp; Das reicht f&uuml;r mehr als eine Nacht &#8211; 3:12 Min.<br \/>\n03&nbsp;&nbsp; &nbsp;Uwe Busse&nbsp;&nbsp; Eine L&uuml;ge zuviel (Dance-Mix) &#8211; 3:14 Min.<br \/>\n04&nbsp;&nbsp; &nbsp;Anni Perka&nbsp;&nbsp; Bin auf dem Weg &#8211; 3:36 Min.<br \/>\n05&nbsp;&nbsp; &nbsp;Patrick Lindner&nbsp;&nbsp; Von New York bis zu den Sternen &#8211; 3:11 Min.<br \/>\n06&nbsp;&nbsp; &nbsp;Alexandra Lexer&nbsp;&nbsp; Barfuss durch das Feuer &#8211; 3:34 Min.<br \/>\n07&nbsp;&nbsp; &nbsp;Udo Wenders&nbsp;&nbsp; Komm zur&uuml;ck, Maria (Remix) &#8211; 3:08 Min.<br \/>\n08&nbsp;&nbsp; &nbsp;Maria Voskania&nbsp;&nbsp; Gefallener Engel (Jonny Nevs Remix) &#8211; 3:26 Min.<br \/>\n09&nbsp;&nbsp; &nbsp;J&ouml;rn Schl&ouml;nvoigt&nbsp;&nbsp; Nur mit Dir die Ewigkeit &#8211; 3:46 Min.<br \/>\n10&nbsp;&nbsp; &nbsp;Daniela Alfinito&nbsp;&nbsp; Auf einem kleinen Stern &#8211; 3:47 Min.<br \/>\n11&nbsp;&nbsp; &nbsp;Andr&eacute; Stade&nbsp;&nbsp; Du bist mein Zuhause &#8211; 3:58 Min.<br \/>\n12&nbsp;&nbsp; &nbsp;Beatrice Egli&nbsp;&nbsp; Bei Romeo war alles anders &#8211; 3:20 Min.<br \/>\n13&nbsp;&nbsp; &nbsp;Tanzpalais&nbsp;&nbsp; Du machst mich atemlos vor Gl&uuml;ck &#8211; 3:27 Min.<br \/>\n14&nbsp;&nbsp; &nbsp;Verena &amp; Nadine&nbsp;&nbsp; Mein Herz f&auml;hrt Achterbahn &#8211; 3:03 Min.<br \/>\n15&nbsp;&nbsp; &nbsp;Vito Rosso&nbsp;&nbsp; Italienische Sehnsucht &#8211; 4:26 Min.<\/p>\n<p style=\"text-align: justify;\">&nbsp;<\/p>\n<p style=\"text-align: justify;\">&nbsp;<\/p>\n<p>Andy Tichler, Chefredakteur www.smago.de<br \/>http:\/\/www.telamo.de<br \/>http:\/\/www.telamo.de<\/p>\n","protected":false},"excerpt":{"rendered":"<p>Zeitgleich &#8211; am 06.01.2017 &#8211; erscheint n\u00e4mlich auch die von Florian Silbereisen pr\u00e4sentierte Doppel-CD &#8222;Schlagerchampions &#8211; Das gro\u00dfe Fest der<\/p>\n","protected":false},"author":2,"featured_media":71111,"comment_status":"open","ping_status":"open","sticky":false,"template":"","format":"standard","meta":{"_FSMCFIC_featured_image_caption":"","_FSMCFIC_featured_image_nocaption":"","_FSMCFIC_featured_image_hide":""},"categories":[29],"tags":[],"acf":[],"_links":{"self":[{"href":"https:\/\/smago.de\/ws2\/wp-json\/wp\/v2\/posts\/71110"}],"collection":[{"href":"https:\/\/smago.de\/ws2\/wp-json\/wp\/v2\/posts"}],"about":[{"href":"https:\/\/smago.de\/ws2\/wp-json\/wp\/v2\/types\/post"}],"author":[{"embeddable":true,"href":"https:\/\/smago.de\/ws2\/wp-json\/wp\/v2\/users\/2"}],"replies":[{"embeddable":true,"href":"https:\/\/smago.de\/ws2\/wp-json\/wp\/v2\/comments?post=71110"}],"version-history":[{"count":0,"href":"https:\/\/smago.de\/ws2\/wp-json\/wp\/v2\/posts\/71110\/revisions"}],"wp:featuredmedia":[{"embeddable":true,"href":"https:\/\/smago.de\/ws2\/wp-json\/wp\/v2\/media\/71111"}],"wp:attachment":[{"href":"https:\/\/smago.de\/ws2\/wp-json\/wp\/v2\/media?parent=71110"}],"wp:term":[{"taxonomy":"category","embeddable":true,"href":"https:\/\/smago.de\/ws2\/wp-json\/wp\/v2\/categories?post=71110"},{"taxonomy":"post_tag","embeddable":true,"href":"https:\/\/smago.de\/ws2\/wp-json\/wp\/v2\/tags?post=71110"}],"curies":[{"name":"wp","href":"https:\/\/api.w.org\/{rel}","templated":true}]}}