{"id":69451,"date":"2017-02-04T00:00:00","date_gmt":"2017-02-04T00:00:00","guid":{"rendered":"https:\/\/smago.de\/ws\/?p=69451"},"modified":"-0001-11-30T00:00:00","modified_gmt":"-0001-11-29T22:00:00","slug":"EUROVISION-SONG-CONTEST-ESC-Vor-69450","status":"publish","type":"post","link":"https:\/\/smago.de\/ws2\/pop\/EUROVISION-SONG-CONTEST-ESC-Vor-69450\/","title":{"rendered":"&quot;EUROVISION SONG CONTEST&quot; <br \/>ESC-Vorentscheid: ARD-Morgenmagazin pr\u00e4sentiert vorab die Kandidaten f\u00fcr &quot;Unser Song 2017&quot;!"},"content":{"rendered":"<p>Wer letztlich antritt, kl\u00e4rt sich dann am 9. Februar in der Live-Show &#8222;Eurovision Song Contest &#8211; Unser Song 2017&#8220;!\u00a0 <!-more-><\/p>\n<p style=\"text-align: justify;\">Yosefin Buohler, Axel Maximilian Feige, Felicia Lu K&uuml;rbi&szlig;, Isabella &quot;Levina&quot; Lueen und Helene Nissen wollen Deutschland beim Eurovision Song Contest in Kiew vertreten. Vom 6. bis 9. Februar 2017 stellen sich die f&uuml;nf Kandidatinnen und Kandidaten mit einem Song dem MoMa-Publikum vor. Wer letztlich antritt, kl&auml;rt sich dann am 9. Februar in der Live-Show &quot;Eurovision Song Contest &#8211; Unser Song 2017&quot;.<\/p>\n<p>Das ARD-Morgenmagazin wird am 10. Februar von der Show berichten. Hier die Auftritte der K&uuml;nstlerinnen und K&uuml;nstler im Moma im &Uuml;berblick:<\/p>\n<p>\nMontag, 6. Februar: Isabella &quot;Levina&quot; Lueen pr&auml;sentiert den Song &quot;When We Were Young&quot; von Adele.<\/p>\n<p>Dienstag, 7. Februar: Nachwuchstalent Felicia Lu K&uuml;rbi&szlig; singt &quot;Dancing On My Own&quot; von Calum Scott und die geb&uuml;rtige K&ouml;lnerin Yosefin Buohler interpretiert &quot;Love In Top&quot; von Beyonc&eacute;.<\/p>\n<p>Weiter geht es am Mittwoch, 8. Februar, mit Axel Feige aus Hamburg und &quot;You Know My Name&quot; von Chris Cornell.<\/p>\n<p>Als letzte Kandidatin pr&auml;sentiert Helene Nissen am 9. Februar &quot;Folsom Prison Blues&quot; von Johnny Cash.<\/p>\n<p>Und nat&uuml;rlich kommt die Gewinnerin oder der Gewinner, die oder der Deutschland beim Eurovision Song Contest in Kiew vertreten wird, live ins MoMa-Studio.<\/p>\n<p>Das Erste (NDR) zeigt am 9. Februar 2017 ab 20.15 Uhr den Vorentscheid live.<\/p>\n<p>Das Finale des Eurovision Song Contest aus Kiew &uuml;bertr&auml;gt Das Erste am 13. Mai 2017 ab 21 Uhr.<\/p>\n<p>\nWeitere Informationen unter <a href=\"http:\/\/www.ard-morgenmagazin.de\/\" target=\"_blank\"><span class=\"InnerLink\">www.ard-morgenmagazin.de<\/span><\/a><span class=\"InnerLink\">!<\/span><\/p>\n<p>Das Erste \/ ARD (Textvorlage)<br \/>http:\/\/www.eurovision.tv<br \/>http:\/\/www.eurovision.de<\/p>\n","protected":false},"excerpt":{"rendered":"<p>Wer letztlich antritt, kl\u00e4rt sich dann am 9. Februar in der Live-Show &#8222;Eurovision Song Contest &#8211; Unser Song 2017&#8220;!\u00a0 Yosefin<\/p>\n","protected":false},"author":2,"featured_media":69452,"comment_status":"open","ping_status":"open","sticky":false,"template":"","format":"standard","meta":{"_FSMCFIC_featured_image_caption":"","_FSMCFIC_featured_image_nocaption":"","_FSMCFIC_featured_image_hide":""},"categories":[27],"tags":[],"acf":[],"_links":{"self":[{"href":"https:\/\/smago.de\/ws2\/wp-json\/wp\/v2\/posts\/69451"}],"collection":[{"href":"https:\/\/smago.de\/ws2\/wp-json\/wp\/v2\/posts"}],"about":[{"href":"https:\/\/smago.de\/ws2\/wp-json\/wp\/v2\/types\/post"}],"author":[{"embeddable":true,"href":"https:\/\/smago.de\/ws2\/wp-json\/wp\/v2\/users\/2"}],"replies":[{"embeddable":true,"href":"https:\/\/smago.de\/ws2\/wp-json\/wp\/v2\/comments?post=69451"}],"version-history":[{"count":0,"href":"https:\/\/smago.de\/ws2\/wp-json\/wp\/v2\/posts\/69451\/revisions"}],"wp:featuredmedia":[{"embeddable":true,"href":"https:\/\/smago.de\/ws2\/wp-json\/wp\/v2\/media\/69452"}],"wp:attachment":[{"href":"https:\/\/smago.de\/ws2\/wp-json\/wp\/v2\/media?parent=69451"}],"wp:term":[{"taxonomy":"category","embeddable":true,"href":"https:\/\/smago.de\/ws2\/wp-json\/wp\/v2\/categories?post=69451"},{"taxonomy":"post_tag","embeddable":true,"href":"https:\/\/smago.de\/ws2\/wp-json\/wp\/v2\/tags?post=69451"}],"curies":[{"name":"wp","href":"https:\/\/api.w.org\/{rel}","templated":true}]}}