{"id":61537,"date":"2017-10-06T17:36:00","date_gmt":"2017-10-06T17:36:00","guid":{"rendered":"https:\/\/smago.de\/ws\/?p=61537"},"modified":"-0001-11-30T00:00:00","modified_gmt":"-0001-11-29T22:00:00","slug":"SANTIANO-Santiano-praesentieren-61536","status":"publish","type":"post","link":"https:\/\/smago.de\/ws2\/party-schlager\/SANTIANO-Santiano-praesentieren-61536\/","title":{"rendered":"SANTIANO <br \/>Santiano pr\u00e4sentieren ihr neues Album und ernten Auszeichnungen f\u00fcr den Vorg\u00e4nger &quot;Von Liebe, Tod und Freiheit&quot;!"},"content":{"rendered":"<p>Ver\u00f6ffentlichungstermin der CD &#8222;Im Auge des Sturms&#8220; ist der kommende Freitag (13.10.2017)!\u00a0 <!-more-><\/p>\n<p style=\"text-align: justify;\"><font color=\"#555555\" face=\"Arial, Helvetica, sans-serif\" size=\"1\" style=\"font-family: Arial , Helvetica , sans-serif;font-size: 13.0px;color: rgb(85,85,85);margin: 0;padding: 0;line-height: 20.0px;\">7-fach Gold und 3-fach Platin &#8211; das sind Auszeichnungen, die nur Musikalben der Ausnahmeklasse erreichen. SANTIANO haben solch ein Ausnahme-Album auf die Beine gestellt.&nbsp;&bdquo;Von Liebe, Tod und Freiheit&ldquo; wurde 2015 ver&ouml;ffentlicht und nun im Kreise des Teams und der Plattenfirma veredelt.<br \/>\n&nbsp;<br \/>\nEigentlicher Anlass der Feier war bereits das n&auml;chste Schiff, das vom Stapel l&auml;uft: &bdquo;Im Auge des Sturms&ldquo;. Die Band pr&auml;sentierte sichtlich stolz ihr neues, viertes Album, das am 13. Oktober ver&ouml;ffentlicht wird und damit das Ergebnis monatelanger Arbeit. Traditionell luden sie dazu nach Gl&uuml;cksburg ein, wo schon vor Jahren die ersten Erfolge der Band gefeiert wurden. Das dortige Strandhotel liegt nahe an den Heimath&auml;fen der Santianos an Nord- und Ostsee und steht praktisch mit einem Fu&szlig; im Salzwasser. Ein w&uuml;rdiger Ort f&uuml;r die Nordm&auml;nner also, um die H&ouml;hepunkte ihrer Reise in Seemannsgarn zu fassen und ihr neues Schiff standesgem&auml;&szlig; zu taufen.<br \/>\n&nbsp;<br \/>\nAls es an die Verleihung der Awards ging, zeigten sich die rauen Kerle dann sichtlich ger&uuml;hrt. Sie dankten allen Weggef&auml;hrten, die ihnen seit Jahren die Treue halten. Ob Produzenten, Plattenfirma oder Management: Die Stammbesetzung ist die vom ersten Tag und damit sicher ein Grundpfeiler der immensen Erfolge. Mit dem neuen Album steuert die Band schon jetzt einen Rekordstart an, und so ist kein Ende in Sicht auf der Reise der f&uuml;nf Abenteurer.<br \/>\n&nbsp;<br \/>\n&bdquo;Einen Aufstieg, wie er Santiano in wenigen Jahren gelungen ist, hat die Deutsche Musikbranche in Jahrzehnten nicht gesehen&ldquo;, so der Manager der Band, <strong>Joe Chialo (Managing Director Airforce1)<\/strong>. &bdquo;Er war nur m&ouml;glich, weil jeder einzelne Beitragende einen sensationellen Job gemacht hat. So ernten wir nun alle die Fr&uuml;chte dieser Arbeit und k&ouml;nnen dadurch Dinge realisieren, von denen jeder Musikschaffende tr&auml;umt.&ldquo;<br \/>\n&nbsp;<br \/>\n&bdquo;Wir bedanken uns bei dieser fantastischen Band, sowie bei unseren Partnern Airforce1 und&nbsp;Starwatch&ldquo;, zeigte sich auch <strong>J&ouml;rg Hellwig, Managing Director bei Electrola, Universal Music<\/strong>, in&nbsp;Feierlaune. &bdquo;Auf jedem Schritt des Weges haben hier alle Beteiligten voller &Uuml;berzeugung mitgezogen. Das zeigt eindrucksvoll die mitrei&szlig;ende Kraft in der Musik von Santiano.&ldquo;<br \/>\n&nbsp;<br \/>\n&bdquo;Wir freuen uns sehr &uuml;ber den unglaublichen Erfolg von Santiano, den wir seit Beginn begleiten d&uuml;rfen&ldquo;, schlie&szlig;t sich <strong>Katharina Fr&ouml;msdorf, Gesch&auml;ftsf&uuml;hrerin der Starwatch Entertainment GmbH<\/strong> an. &bdquo;Die Auszeichnungen sprechen f&uuml;r sich und sind v.a. in heutigen Zeiten alles andere als selbstverst&auml;ndlich. Mit &bdquo;Im Auge des Sturms&ldquo; zeigen Santiano au&szlig;erdem erneut, was in ihnen steckt!&ldquo;<\/p>\n<p><em>&nbsp;<br \/>\n<strong>Das Foto (Credit: Christian Barz) zeigt v.l.n.r.:<\/strong> Hans-Timm Hinrichsen (Santiano), Joe Chialo (Airforce 1 Management), Annett Lorenzen-Krech (Elephant Music), Anke Friedel (Airforce 1 Management), Pete Sage (Santiano), J&ouml;rg Hellwig (Electrola), Holger H&uuml;bner (ICS), Axel Stosberg (Santiano), Bj&ouml;rn Both (Santiano), Hardy Krech, Johannes Braun, Mark Nissen (alle Elephant Music), Katharina Fr&ouml;msdorf (Starwatch), Alexandra M&uuml;ller-Osel, Timo Hoppen, Karolina Jarecki (alle Semmel Concerts), Andreas Fahnert (Santiano).<\/em><\/font><br \/>\n&nbsp;<\/p>\n<p>Electrola, a division of Universal Music GmbH \/ Germany (Textvorlage)<br \/>http:\/\/www.universal-music.de\/company\/umg\/electrola<br \/>http:\/\/www.universal-music.de\/santiano\/home<\/p>\n","protected":false},"excerpt":{"rendered":"<p>Ver\u00f6ffentlichungstermin der CD &#8222;Im Auge des Sturms&#8220; ist der kommende Freitag (13.10.2017)!\u00a0 7-fach Gold und 3-fach Platin &#8211; das sind<\/p>\n","protected":false},"author":2,"featured_media":61538,"comment_status":"open","ping_status":"open","sticky":false,"template":"","format":"standard","meta":{"_FSMCFIC_featured_image_caption":"","_FSMCFIC_featured_image_nocaption":"","_FSMCFIC_featured_image_hide":""},"categories":[26],"tags":[],"acf":[],"_links":{"self":[{"href":"https:\/\/smago.de\/ws2\/wp-json\/wp\/v2\/posts\/61537"}],"collection":[{"href":"https:\/\/smago.de\/ws2\/wp-json\/wp\/v2\/posts"}],"about":[{"href":"https:\/\/smago.de\/ws2\/wp-json\/wp\/v2\/types\/post"}],"author":[{"embeddable":true,"href":"https:\/\/smago.de\/ws2\/wp-json\/wp\/v2\/users\/2"}],"replies":[{"embeddable":true,"href":"https:\/\/smago.de\/ws2\/wp-json\/wp\/v2\/comments?post=61537"}],"version-history":[{"count":0,"href":"https:\/\/smago.de\/ws2\/wp-json\/wp\/v2\/posts\/61537\/revisions"}],"wp:featuredmedia":[{"embeddable":true,"href":"https:\/\/smago.de\/ws2\/wp-json\/wp\/v2\/media\/61538"}],"wp:attachment":[{"href":"https:\/\/smago.de\/ws2\/wp-json\/wp\/v2\/media?parent=61537"}],"wp:term":[{"taxonomy":"category","embeddable":true,"href":"https:\/\/smago.de\/ws2\/wp-json\/wp\/v2\/categories?post=61537"},{"taxonomy":"post_tag","embeddable":true,"href":"https:\/\/smago.de\/ws2\/wp-json\/wp\/v2\/tags?post=61537"}],"curies":[{"name":"wp","href":"https:\/\/api.w.org\/{rel}","templated":true}]}}