{"id":61048,"date":"2017-10-25T00:00:00","date_gmt":"2017-10-25T00:00:00","guid":{"rendered":"https:\/\/smago.de\/ws\/?p=61048"},"modified":"-0001-11-30T00:00:00","modified_gmt":"-0001-11-29T22:00:00","slug":"BEATRICE-EGLI-Das-grosse-smago-61047","status":"publish","type":"post","link":"https:\/\/smago.de\/ws2\/schlager\/BEATRICE-EGLI-Das-grosse-smago-61047\/","title":{"rendered":"BEATRICE EGLI <br \/>Das gro\u00dfe smago! exklusive Beatrice Egli Interview mit &quot;Wohlf\u00fchlgarantie&quot;!"},"content":{"rendered":"<p>smago! Chefredakteur Andy Tichler traf die S\u00e4ngerin und Entertainerin am Samstagnachmittag (20.10.2017) in Dortmund!\u00a0 <!-more-><\/p>\n<p style=\"text-align: justify;\">Sie hat die gute Laune f&uuml;r sich gepachtet: BEATRICE EGLI ist als absolute Frohnatur bekannt. Und so lag nat&uuml;rlich bei der Vorbereitung dieses Interviews die Frage &quot;Wann haben Sie einmal <em>schlechte<\/em> Laune, Beatrice?&quot; auf der Hand. Andererseits: Wer Beatrice Egli auch nur ansatzweise kennt und sie diverse Male auch hinter den Kulissen erleben durfte, der wei&szlig;, dass Beatrice eigentlich NIE schlechte Laune hat. Weswegen die Frage ganz schnell wieder gestrichen wurde.<\/p>\n<p>Bei einem zuf&auml;lligen Zusammentreffen im Hotelfahrstuhl sagte Beatrice Egli dann das absolut Unfassbare zu <em>smago!<\/em> Chefredakteur Andy Tichler: &quot;Ich habe gerade schlechte Laune, aber nur weil ich gerade sehr hungrig bin,&quot;, sagte sie lachend (!). Der Hintergrund: Beatrice wollte gegen 12:00 Uhr eine Mahlzeit im Hotel einnehmen. Und eigentlich ber&uuml;hmt sich besagtes Hotel auch mit einem funktionierenden Room Service, in jedem Fall &quot;werktags bis 22:00 Uhr&quot;. Nur: Da im Steigenberger Hotel Dortmund mittags auch noch ein Empfang stattfand, betrug die Wartezeit&nbsp;eine Stunde. Ein perfektes Beispiel f&uuml;r die &quot;Servicew&uuml;ste Deutschland&quot;. Und da Beatrice das Interview nicht mit knurrendem Magen geben wollte, bat sie darum, das Gespr&auml;ch um eine Stunde nach hinten zu verlegen. Wer wenn nicht <em>smago!<\/em> Chefredakteur Andy Tichler h&auml;tte hierf&uuml;r mehr Verst&auml;ndnis aufgebracht. Und siehe da: Um 15:00 Uhr war Beatrice Egli bereits wieder allerbestens gelaunt &#8230;<\/p>\n<p style=\"text-align: justify;\">\n<p>&nbsp;<\/p>\n<p style=\"text-align: justify;\"><strong>Hallo&nbsp;Beatrice, Du hast Deinen neuen Titel &bdquo;Herz an&ldquo; &#8211; nach der erfolgreichen Live-Premiere bei der&nbsp;&quot;SchlagerNacht des Jahres&quot; in Stuttgart &#8211;&nbsp;nun auch in der von Florian Silbereisen pr&auml;sentierten Sendung &nbsp;&bdquo;Schlagerbooom &#8211; Das internationale Schlagerfest&ldquo; pr&auml;sentiert. Bist Du noch aufgeregt \/ Hast Du noch &quot;Muffensausen&quot;, wenn&nbsp;Du einen neuen Titel vorstellst, ob der auch einschl&auml;gt?<\/strong><\/p>\n<p><em>(lacht)<\/em> Absolut! Es ist immer noch ein Gef&uuml;hl der Aufregung da &ndash; es ist nicht nur das &bdquo;Herz an&ldquo;, sondern es schl&auml;gt auch schneller.<\/p>\n<p><strong>Der Titel kam sowohl &quot;live&quot; bei der &quot;SchlagerNacht des Jahres&quot; als auch in der TV-Show auf der B&uuml;hne direkt toll an &ndash; wie sehr hat Dich diese Euphorie ber&uuml;hrt?<\/strong><\/p>\n<p>Man ist aufgeregt, gleichzeitig freut man sich, wenn die Spannung steigt und merkt, es kommt an, bin ich schon den Tr&auml;nen nahe. Das ist ein sehr sch&ouml;ner Moment. Ich war jetzt auch etwas l&auml;nger weg, habe l&auml;nger keine Auftritte im Fernsehen gemacht. Man merkt den Unterschied, dass es nach l&auml;ngerer Pause intensiver ist.<\/p>\n<p><strong>Kannst Du schon etwas zum neuen Album &bdquo;Wohlf&uuml;hlgarantie&ldquo; sagen?<\/strong><\/p>\n<p>Wir sind noch mitten im Prozess. Es sind viele Songs ausgesucht. Jetzt sind wir im Produktionsprozess. Ich habe mich in den vergangenen vier Jahren k&uuml;nstlerisch ver&auml;ndert, drei Tourneen und viele Auftritte mit Band gespielt. F&uuml;r mich ist es das sch&ouml;nste, mit der Band auf der B&uuml;hne zu stehen. Das Band-Feeling wird man auf dem neuen Album h&ouml;ren und sp&uuml;ren. Im Gegensatz zu sonstigen Garantien wie denen auf Waschmaschinen gilt die &bdquo;Wohlf&uuml;hlgarantie&ldquo; von Beatrice Egli lebensl&auml;nglich.<\/p>\n<p><strong>Kannst Du uns schon was zum Programm Deiner im Herbst 2018 beginnenden neuen Tournee &quot;Wohlf&uuml;hlgarantie&quot; (24 Termine in Deutschland, &Ouml;sterreich und der Schweiz) verraten?<\/strong><\/p>\n<p>Am Freitagabend (20.10.2017) war ja der Vorverkaufsstart f&uuml;r die Tour. F&uuml;r mich ist es das sch&ouml;nste, mit meiner Crew und Band wieder auf Tour zu sein. Da wird f&uuml;r Wohlf&uuml;hlgarantie gesorgt sein, das wird ein Highlight 2018. Mehr kann ich noch nicht verraten, weil das Album ja noch nicht ver&ouml;ffentlicht ist.<\/p>\n<p><strong>N&auml;chstes Jahr steht ein runder Geburtstag an. Angst vor der &bdquo;30&ldquo;?<\/strong><\/p>\n<p><em>(lacht)<\/em> Nein. Sowohl bei meiner Familie als auch bei meinem Team habe ich den Eindruck &ndash; die sind alle so jung geblieben. Die Musik und die Branche halten einen jung. Insofern sage ich &ndash; das ist wie bei jedem anderen eine Zahl. Es kommt darauf an, was man aus der Zahl macht&hellip;<\/p>\n<p><strong>Steht schon fest, ob Sie Ihren n&auml;chsten Geburtstag auf der B&uuml;hne feiern werden?<\/strong><\/p>\n<p>Nein, diesmal noch nicht. Die letzten Geburtstage habe ich immer auf der B&uuml;hne gefeiert, die letzten Jahre &ndash; find ich auch nicht schlimm. Ich werde mal schauen, was dieses Jahr passiert. Es ist momentan so, dass ich eigentlich mein 30. Lebensjahr feiere, indem ich versuche, einmal im Monat mit meinen Freunden wegzugehen, quasi das ganze Jahr zu feiern<em> (lacht).<\/em><\/p>\n<p><strong>Der &bdquo;Schlagerbooom&ldquo; wurde am Samstag (21.10.2017) erstmalig auch in der Schweiz &uuml;bertragen. Glaubst Du, dass der Schlagerboom auch in die Schweiz &uuml;berschwappen k&ouml;nnte? Der Schlager f&uuml;hrt &nbsp;dort ja derzeit ein Stiefm&uuml;tterchen-Dasein &#8230;<\/strong><\/p>\n<p><em>(Die Frage scheint ihr zu gefallen &#8230;) <\/em>Ich bin sehr gespannt, wie es beim Schweizer Fernsehen ankommt. Ich hoffe, dass sich viele Schweizer an der Sendung freuen k&ouml;nnen. Es ist eine spa&szlig;ige, lustige, energiegeladene Show mit ganz tollen K&uuml;nstlern &ndash; da m&uuml;sste jeder etwas finden, was einem gef&auml;llt. Da ist auch etwas f&uuml;r die Schweizer dabei. Ansonsten gibt es ja noch eine Extra-&Uuml;bertragung f&uuml;r das Schweizer Fernsehen, von mir auf Schweizerdeutsch moderiert. Die Schweizer lieben ihren Dialekt, deshalb wurde mit meiner Moderation ein Schweizer Touch in die Sache gebracht.<\/p>\n<p><strong>Die Frage aller Fragen, welche die Gazetten seit Wochen besch&auml;ftigt: Wird Beatrice Egli Andrea Kiwel beim &quot;ZDFFernsehgarten&quot; abl&ouml;sen &#8211; JA oder NEIN?<\/strong><\/p>\n<p>Andrea Kiwel ist eine gro&szlig;artige Moderatorin &ndash; sie macht &uuml;ber 30 Shows in jedem Jahr. Das macht sie hervorragend &ndash; ich w&uuml;nsche ihr, dass sie das noch viele Jahre machen kann. Warum sich dieses Ger&uuml;cht so hartn&auml;ckig h&auml;lt, ist mir ein R&auml;tsel.<\/p>\n<p><strong>N&auml;chstes Jahr steht das 5-j&auml;hrige DSDS-Sieger-Jubil&auml;um an &ndash; ist da etwas geplant?<\/strong><\/p>\n<p>Nein, bis jetzt noch nicht. Aber ich denke schon, dass wir zumindest eine interne Feier schmei&szlig;en werden. W&uuml;rde ja passen: Mein runder Geburtstag, dann das Jubil&auml;um&hellip;<\/p>\n<p><strong>Was w&auml;re reizvoller: Bei DSDS in der Jury zu sitzen, oder bei Let&rsquo;s Dance mitzumachen?<\/strong><\/p>\n<p>Beides nicht so. F&uuml;r die Juryt&auml;tigkeit will ich selber mehr Erfahrungen sammeln, um etwas mitgeben zu k&ouml;nnen. Mein Parkett ist und bleibt die B&uuml;hne, auf der ich singen kann. Dazu kommt Moderation und Schauspielerei. Man kann nicht auf allen Hochzeiten tanzen, so dass &bdquo;Let&rsquo;s Dance&ldquo; f&uuml;r mich derzeit keine Option ist.<\/p>\n<p><strong>Dieter Bohlen hat im April 2014 bekanntgegeben, dass er Dich nicht mehr produzieren wollen w&uuml;rde. Hat er Dir das im pers&ouml;nlichen Gespr&auml;ch gesagt oder hast Du das aus der Presse erfahren m&uuml;ssen?<\/strong><\/p>\n<p>Wir sind freundlich voneinander getrennte Wege gegangen &ndash; im gegenseitigen Einvernehmen. Es war f&uuml;r beide gut so. Auch f&uuml;r mich war es wichtig, neue Wege zu gehen. Mir war es wichtig, mit dem Produzenten zu arbeiten, der auch immer live mit dabei ist. Mir &nbsp;ist es wichtig, Live-Erlebnisse auf das Album zu packen. Das habe ich mit Joachim Wolf definitiv. Der ist seit DSDS ja auch schon mit dabei.<\/p>\n<p><strong>Du bist der beste Beweis, dass man auch ohne Dieter Bohlen erfolgreich sein kann, wenn nicht sogar noch erfolgreicher &ndash; weiterhin von Herzen alles Gute!<\/strong><\/p>\n<p><em>Foto-Credit: Anita Bresser \/ Universal Music<\/em><\/p>\n<p>Andy Tichler, Chefredakteur www.smago.de<br \/>http:\/\/www.universal-music.de\/company\/umg\/polydorisland<br \/>http:\/\/www.universal-music.de\/beatrice-egli\/home<\/p>\n","protected":false},"excerpt":{"rendered":"<p>smago! Chefredakteur Andy Tichler traf die S\u00e4ngerin und Entertainerin am Samstagnachmittag (20.10.2017) in Dortmund!\u00a0 Sie hat die gute Laune f&uuml;r<\/p>\n","protected":false},"author":2,"featured_media":61049,"comment_status":"open","ping_status":"open","sticky":false,"template":"","format":"standard","meta":{"_FSMCFIC_featured_image_caption":"","_FSMCFIC_featured_image_nocaption":"","_FSMCFIC_featured_image_hide":""},"categories":[29],"tags":[],"acf":[],"_links":{"self":[{"href":"https:\/\/smago.de\/ws2\/wp-json\/wp\/v2\/posts\/61048"}],"collection":[{"href":"https:\/\/smago.de\/ws2\/wp-json\/wp\/v2\/posts"}],"about":[{"href":"https:\/\/smago.de\/ws2\/wp-json\/wp\/v2\/types\/post"}],"author":[{"embeddable":true,"href":"https:\/\/smago.de\/ws2\/wp-json\/wp\/v2\/users\/2"}],"replies":[{"embeddable":true,"href":"https:\/\/smago.de\/ws2\/wp-json\/wp\/v2\/comments?post=61048"}],"version-history":[{"count":0,"href":"https:\/\/smago.de\/ws2\/wp-json\/wp\/v2\/posts\/61048\/revisions"}],"wp:featuredmedia":[{"embeddable":true,"href":"https:\/\/smago.de\/ws2\/wp-json\/wp\/v2\/media\/61049"}],"wp:attachment":[{"href":"https:\/\/smago.de\/ws2\/wp-json\/wp\/v2\/media?parent=61048"}],"wp:term":[{"taxonomy":"category","embeddable":true,"href":"https:\/\/smago.de\/ws2\/wp-json\/wp\/v2\/categories?post=61048"},{"taxonomy":"post_tag","embeddable":true,"href":"https:\/\/smago.de\/ws2\/wp-json\/wp\/v2\/tags?post=61048"}],"curies":[{"name":"wp","href":"https:\/\/api.w.org\/{rel}","templated":true}]}}