{"id":56312,"date":"2018-09-14T00:00:59","date_gmt":"2018-09-13T22:00:59","guid":{"rendered":"https:\/\/smago.de\/?p=56312"},"modified":"2018-09-14T00:09:30","modified_gmt":"2018-09-13T22:09:30","slug":"andreas-gabaliergelingt-ihm-mit-hallihallo-ein-zweites-hulapalu","status":"publish","type":"post","link":"https:\/\/smago.de\/ws2\/uncategorized\/andreas-gabaliergelingt-ihm-mit-hallihallo-ein-zweites-hulapalu\/","title":{"rendered":"ANDREAS GABALIER<br>Gelingt ihm mit &#8222;Hallihallo&#8220; ein zweites &#8222;Hulapalu&#8220; &#8230;?"},"content":{"rendered":"<p style=\"text-align: justify;\">Der VolksRock&#8217;n&#8217;Roller ist mal wieder musikalisch auf der Pirsch &#8230;:<br \/>\n<!-more-><\/p>\n<p>&nbsp;<\/p>\n<p>&nbsp;<\/p>\n<div align=\"center\">\n<div style=\"text-align: justify;\" align=\"center\">\n<p><em>&#8222;Lipstick-Lady, kann es sein, dass I Di kenn&#8216;, und wenn w\u00e4re sch\u00f6n, wenn wir uns wieders\u00e4hen&#8220;<\/em>&#8230; in <strong>Andreas Gabaliers <\/strong>Fall ist zumindest davon auszugehen, dass die hier besungene Lady zumindest ihn kennt. Ein Kunstst\u00fcck ist das allerdings nicht, denn jeder kennt <strong>Andreas Gabalier<\/strong>. Und getreu dem Titel seines aktuellen Albums das in Sachen Chart-Performance wie ein Tsunami steirischer Lebensfreude alle Tr\u00fcbsale \u00fcberrollt, wird er auch von ihr nicht so bald vergessen werden.<\/p>\n<\/div>\n<div style=\"text-align: justify;\" align=\"center\">\n<p><strong>&#8222;Vergiss Mein Nicht&#8220; <\/strong>ist bisher das erfolgreichste Album seiner Rekorde brechenden Karriere: Seit 01.06.2018 auf dem Markt, davon drei satte Wochen in Deutschland auf der Pole-Position, davon wiederum zwei Wochen im gesamten GSA-Territorium. Die erste Single <strong>&#8222;Verdammt lang her&#8220; <\/strong>hat Klicks in Millionenh\u00f6he bei YouTube, unser Mountain Man hat auch nie einen Hehl daraus gemacht, dass die Gipfel seine Heimat sind, da kommt er schlie\u00dflich her, und da geh\u00f6rt er schlussendlich auch hin. Da ist es nur folgerichtig, dass sein Album auch alle Gipfel erklimmt. Seine Promotion-Reise zum Album f\u00fchrte ihn durch die gr\u00f6\u00dften und wichtigsten TV-Sendungen des deutschsprachigen Raums, wo er \u00fcberall mit seinem Naturell mit offenen Armen empfangen wurde.<\/p>\n<\/div>\n<div style=\"text-align: justify;\" align=\"center\">\n<p>Mit <strong>&#8222;Hallihallo&#8220; <\/strong>erscheint am 14.09.2018 \u00fcber Electrola\/Universal nun die zweite Single-Auskopplung. Und bei aller Grandezza die <strong>Andreas Gabaliers <\/strong>Alltag bestimmt, ist es wieder ein sympathischer Song der beinahe als Blaupause einf\u00e4ngt warum er, und eben nur er der VolksRock&#8217;n&#8217;Roller ist. Er trifft einfach den Ton den alle verstehen. Deshalb g\u00f6nnen und erm\u00f6glichen ihm seine vielen Fans auch seinen Erfolg. Er gibt es ihnen schlicht doppelt und dreifach zur\u00fcck, ob in seinen stundenlangen Konzerten bei denen er die Messlatte hinsichtlich Energie auch auf Gipfelniveau ansetzt, oder eben in seinen Songs. Und in <strong>&#8222;Hallihallo&#8220; <\/strong>geht es darum, dass echte Kerle immer noch den ersten Schritt tun, denn ewig wird sie nicht an der Schank gegen\u00fcber zur\u00fcckwinken, und ein freundliches Hallihallo hat da noch nie geschadet.<\/p>\n<\/div>\n<div style=\"text-align: justify;\" align=\"center\">Seine Wahlheimat ist und bleibt allerdings die B\u00fchne. Die anstehende Tour durch die gro\u00dfen Hallen rollt am 04.10.2018 in Halle los, und ist bereits jetzt schon gr\u00f6\u00dftenteils ausverkauft. Im Sommer 2019 folgt die gro\u00dfe Stadiontournee, f\u00fcr die man sich die Tickets jetzt schon sichern sollte, der Andrang ist gro\u00df. Die Gabalier-Mania ist in vollem Schwung und es bleibt sein Betriebsgeheimnis wo und wie er es geschafft hat in der Steiermark auch noch surfen zu lernen, so l\u00e4ssig wie er auf seiner Erfolgswelle surft.<\/div>\n<div align=\"center\"><\/div>\n<div align=\"center\"><\/div>\n<div align=\"center\"><\/div>\n<\/div>\n<div align=\"center\"><\/div>\n<div align=\"center\"><\/div>\n<div align=\"center\"><\/div>\n<div align=\"center\"><\/div>\n<div align=\"center\"><\/div>\n<div align=\"center\"><\/div>\n<div align=\"center\"><span style=\"font-family: verdana, geneva, sans-serif; color: #000000;\"><strong>1.\u00a0&#8222;Hallihallo&#8220;<br \/>\n<\/strong><\/span><\/div>\n<div align=\"center\"><span style=\"font-size: xx-small; font-family: verdana, geneva, sans-serif; color: #000000;\">(Written by Andreas Gabalier; Published By: Stall-Records)<\/span><\/div>\n<div align=\"center\"><span style=\"font-size: xx-small; font-family: verdana, geneva, sans-serif; color: #000000;\"><strong>Produced by Mathias &#8222;LeMatrix&#8220; Roska @ Mitte Studios and @ Matzeville Berlin<br \/>\n<\/strong>Vocals: Andreas Gabalier<br \/>\nChoir: Berenice Zsifkovits, Billy King<br \/>\nE-Guitar: Mathias Roska, Ossi Schaller<br \/>\nKeyboards, Bass: Mathias Roska<br \/>\nHarmonica: Uwe Schmidt<br \/>\nPiano: Achim Radloff, Mathias Roska<br \/>\nAcoustic Guitar: Andreas Gabalier, Ossi Schaller, Mathias Roska<br \/>\nGroove Programming: Mathias Roska, R\u00fcdiger Schramm<br \/>\nMixed by David Hefti @ Hansa Studio Berlin<br \/>\nMastered by Sascha &#8222;Busy&#8220; B\u00fchren @ TrueBusyness Studio<\/span><\/div>\n<div align=\"center\">\n<div align=\"center\"><span style=\"color: #000000; font-family: verdana, geneva, sans-serif; font-size: small;\">An Electrola Release; (P) 2018 Stall-Records, under exclusive license to Universal Music GmbH LC: 00193<\/span><\/div>\n<div align=\"center\"><span style=\"font-family: verdana, geneva, sans-serif; color: #000000;\">(C) 2018 Universal Music GmbH<\/span><\/div>\n<\/div>\n<div align=\"center\"><\/div>\n<div align=\"center\"><\/div>\n<div align=\"center\"><\/div>\n<div align=\"center\">\n<div align=\"center\">\n<div style=\"text-align: center;\" align=\"right\">Textquelle: ELECTROLA A DIVISION OF UNIVERSAL MUSIC<\/div>\n<\/div>\n<div style=\"text-align: center;\" align=\"center\"><\/div>\n<\/div>\n<p style=\"text-align: center;\">\n","protected":false},"excerpt":{"rendered":"<p>Der VolksRock&#8217;n&#8217;Roller ist mal wieder musikalisch auf der Pirsch &#8230;: &nbsp; &nbsp; &#8222;Lipstick-Lady, kann es sein, dass I Di kenn&#8216;,<\/p>\n","protected":false},"author":2,"featured_media":56368,"comment_status":"open","ping_status":"closed","sticky":false,"template":"","format":"standard","meta":{"_FSMCFIC_featured_image_caption":"","_FSMCFIC_featured_image_nocaption":"","_FSMCFIC_featured_image_hide":""},"categories":[1],"tags":[44],"acf":[],"_links":{"self":[{"href":"https:\/\/smago.de\/ws2\/wp-json\/wp\/v2\/posts\/56312"}],"collection":[{"href":"https:\/\/smago.de\/ws2\/wp-json\/wp\/v2\/posts"}],"about":[{"href":"https:\/\/smago.de\/ws2\/wp-json\/wp\/v2\/types\/post"}],"author":[{"embeddable":true,"href":"https:\/\/smago.de\/ws2\/wp-json\/wp\/v2\/users\/2"}],"replies":[{"embeddable":true,"href":"https:\/\/smago.de\/ws2\/wp-json\/wp\/v2\/comments?post=56312"}],"version-history":[{"count":3,"href":"https:\/\/smago.de\/ws2\/wp-json\/wp\/v2\/posts\/56312\/revisions"}],"predecessor-version":[{"id":56369,"href":"https:\/\/smago.de\/ws2\/wp-json\/wp\/v2\/posts\/56312\/revisions\/56369"}],"wp:featuredmedia":[{"embeddable":true,"href":"https:\/\/smago.de\/ws2\/wp-json\/wp\/v2\/media\/56368"}],"wp:attachment":[{"href":"https:\/\/smago.de\/ws2\/wp-json\/wp\/v2\/media?parent=56312"}],"wp:term":[{"taxonomy":"category","embeddable":true,"href":"https:\/\/smago.de\/ws2\/wp-json\/wp\/v2\/categories?post=56312"},{"taxonomy":"post_tag","embeddable":true,"href":"https:\/\/smago.de\/ws2\/wp-json\/wp\/v2\/tags?post=56312"}],"curies":[{"name":"wp","href":"https:\/\/api.w.org\/{rel}","templated":true}]}}