{"id":56284,"date":"2018-09-14T00:00:40","date_gmt":"2018-09-13T22:00:40","guid":{"rendered":"https:\/\/smago.de\/?p=56284"},"modified":"2018-09-13T18:37:51","modified_gmt":"2018-09-13T16:37:51","slug":"conchita-wurstesc-sieger-conchita-zu-gast-in-michel-abdollahis-kaeptns-dinner","status":"publish","type":"post","link":"https:\/\/smago.de\/ws2\/uncategorized\/conchita-wurstesc-sieger-conchita-zu-gast-in-michel-abdollahis-kaeptns-dinner\/","title":{"rendered":"CONCHITA ((WURST))<br>ESC-Sieger Conchita zu Gast in Michel Abdollahis &#8222;K\u00e4pt&#8217;ns Dinner&#8220;!"},"content":{"rendered":"<p style=\"text-align: justify;\">Sendetermin: heute Nacht (14.\/15.09.2018), 00:15 Uhr &#8211; 01:00 Uhr, NDR fernsehen! Moderation: Michel Abdollahi!<\/p>\n<p style=\"text-align: justify;\"><!-more-><\/p>\n<p>&nbsp;<\/p>\n<p>&nbsp;<\/p>\n<p style=\"text-align: justify;\">Im Bauch eines alten U-Boots im Hamburger Hafen empf\u00e4ngt Michel Abdollahi diesmal den ESC-Sieger Conchita. Der S\u00e4nger \u00e4u\u00dfert sich beim \u201eK\u00e4pt\u2019ns Dinner\u201c im NDR Fernsehen \u00fcber Rassismus und Fremdenfeindlichkeit: <em>\u201eWer Hass und Ausgrenzung lebt, muss doch ein Magengeschw\u00fcr bekommen.\u201c<\/em> Eine Nacht in Dresden w\u00e4hrend einer Pegida-Demo habe ihn nachhaltig gepr\u00e4gt, erz\u00e4hlt er: <em>\u201eDas wurde ich wochenlang nicht los, dieses Gef\u00fchl der Angst und gel\u00e4hmt zu sein. Da habe ich f\u00fcr mich beschlossen, das ist ein Zustand, der niemandem weiterhilft.\u201c<\/em> Stattdessen werde er weiterhin zu diesen Themen auf seine Weise Stellung beziehen. Frei von Rassismus und Fremdenfeindlichkeit zu leben, sei keine Frage der Politik, sondern der Menschenrechte.<\/p>\n<p style=\"text-align: justify;\">Au\u00dferdem spricht Conchita \u00fcber sein neues Selbstverst\u00e4ndnis als Mann. Als \u201eConchita Wurst\u201c habe er fr\u00fcher besonderen Wert darauf gelegt, als Frau wahrgenommen zu werden:<em> \u201eHeute finde ich es eigenartig, wenn man mich mit &#8217;sie&#8216; anspricht oder &#8218;S\u00e4ngerin&#8216; sagt.\u201c<\/em> Er habe gemerkt, dass ihm das Geschlecht, mit dem er sich identifiziere, wichtiger sei, als er dachte. Conchita ist ein Mann \u2013 und m\u00f6chte nicht mehr als Frau wahrgenommen werden.<\/p>\n<p style=\"text-align: justify;\">In der Sendung gibt Conchita Einblicke in den Wandlungsprozess, den er und seine Kunstfigur durchmachen. Er zeigt sich durchtrainiert, in enger Lederhose und schwarzem T-Shirt. Zwar mit Per\u00fccke, aber k\u00fcrzerem Haar und kaum geschminkt. \u00dcber sein Markenzeichen, den Bart, sagt er, er k\u00f6nne sich vorstellen<em> \u201ewieder mal einen Abend eine Dragqueen ohne Bart zu sein.\u201c<\/em><\/p>\n<p style=\"text-align: justify;\">Derzeit arbeitet Conchita an einem zweiten Album, das sich von seinem bisherigen Sound abheben soll: <em>\u201eIch bin in der Elektro-Ecke gelandet.\u201c<\/em><\/p>\n","protected":false},"excerpt":{"rendered":"<p>Sendetermin: heute Nacht (14.\/15.09.2018), 00:15 Uhr &#8211; 01:00 Uhr, NDR fernsehen! Moderation: Michel Abdollahi! &nbsp; &nbsp; Im Bauch eines alten<\/p>\n","protected":false},"author":2,"featured_media":56285,"comment_status":"open","ping_status":"closed","sticky":false,"template":"","format":"standard","meta":{"_FSMCFIC_featured_image_caption":"","_FSMCFIC_featured_image_nocaption":"","_FSMCFIC_featured_image_hide":""},"categories":[1],"tags":[513],"acf":[],"_links":{"self":[{"href":"https:\/\/smago.de\/ws2\/wp-json\/wp\/v2\/posts\/56284"}],"collection":[{"href":"https:\/\/smago.de\/ws2\/wp-json\/wp\/v2\/posts"}],"about":[{"href":"https:\/\/smago.de\/ws2\/wp-json\/wp\/v2\/types\/post"}],"author":[{"embeddable":true,"href":"https:\/\/smago.de\/ws2\/wp-json\/wp\/v2\/users\/2"}],"replies":[{"embeddable":true,"href":"https:\/\/smago.de\/ws2\/wp-json\/wp\/v2\/comments?post=56284"}],"version-history":[{"count":2,"href":"https:\/\/smago.de\/ws2\/wp-json\/wp\/v2\/posts\/56284\/revisions"}],"predecessor-version":[{"id":56287,"href":"https:\/\/smago.de\/ws2\/wp-json\/wp\/v2\/posts\/56284\/revisions\/56287"}],"wp:featuredmedia":[{"embeddable":true,"href":"https:\/\/smago.de\/ws2\/wp-json\/wp\/v2\/media\/56285"}],"wp:attachment":[{"href":"https:\/\/smago.de\/ws2\/wp-json\/wp\/v2\/media?parent=56284"}],"wp:term":[{"taxonomy":"category","embeddable":true,"href":"https:\/\/smago.de\/ws2\/wp-json\/wp\/v2\/categories?post=56284"},{"taxonomy":"post_tag","embeddable":true,"href":"https:\/\/smago.de\/ws2\/wp-json\/wp\/v2\/tags?post=56284"}],"curies":[{"name":"wp","href":"https:\/\/api.w.org\/{rel}","templated":true}]}}