{"id":56200,"date":"2018-09-12T14:23:53","date_gmt":"2018-09-12T12:23:53","guid":{"rendered":"https:\/\/smago.de\/?p=56200"},"modified":"2018-09-12T14:29:48","modified_gmt":"2018-09-12T12:29:48","slug":"smago-informierturheberrechtsreform-stellungnahme-des-bvmi-zum-abstimmungsergebnis","status":"publish","type":"post","link":"https:\/\/smago.de\/ws2\/smago-informiert\/smago-informierturheberrechtsreform-stellungnahme-des-bvmi-zum-abstimmungsergebnis\/","title":{"rendered":"smago! INFORMIERT<br>Urheberrechtsreform: Stellungnahme des BVMI zum Abstimmungsergebnis!"},"content":{"rendered":"<p>Das K\u00fcrzel &#8222;BVMI&#8220; steht f\u00fcr Bundesverband Musikindustrie &#8230;:<br \/>\n<!-more-><\/p>\n<p>&nbsp;<\/p>\n<p>&nbsp;<\/p>\n<section class=\"container-fluid\">\n<article class=\"news_detail\">\n<section id=\"main\" class=\"regular_width\">\n<div class=\"spalte1 spalte1-2 layout-0 frame-0 col-sm-0\">\n<div id=\"c1782\" class=\"csc-frame csc-frame-invisible\">\n<div class=\"news news-single\">\n<div class=\"article\">\n<div class=\"news-text-wrap\">\n<p class=\"bodytext\" style=\"text-align: justify;\">Dr. Florian Dr\u00fccke, der Vorstandsvorsitzende des BVMI: &#8222;Das Votum der europ\u00e4ischen Abgeordneten, die sich heute mehrheitlich f\u00fcr den von Berichterstatter Axel Voss aufgezeigten Weg und damit f\u00fcr mehr Verantwortung der Plattformen entschieden haben, ist ein klares und selbstbewusstes Signal des europ\u00e4ischen Gesetzgebers und eine sehr gute Nachricht f\u00fcr Europas Kreative und ihre Partner! Im Trilog gilt es nun, das Gesetzgebungsverfahren in diesem Geiste weiterzuf\u00fchren und damit bald f\u00fcr die \u00fcberf\u00e4llige Klarheit im Digitalen Binnenmarkt zu sorgen. Das digitale Lizenzgesch\u00e4ft ist die Lebensader der digitalen Kreativwirtschaft.\u201c<\/p>\n<\/div>\n<\/div>\n<\/div>\n<\/div>\n<\/div>\n<\/section>\n<\/article>\n<\/section>\n","protected":false},"excerpt":{"rendered":"<p>Das K\u00fcrzel &#8222;BVMI&#8220; steht f\u00fcr Bundesverband Musikindustrie &#8230;: &nbsp; &nbsp; Dr. Florian Dr\u00fccke, der Vorstandsvorsitzende des BVMI: &#8222;Das Votum der<\/p>\n","protected":false},"author":2,"featured_media":56201,"comment_status":"open","ping_status":"closed","sticky":false,"template":"","format":"standard","meta":{"_FSMCFIC_featured_image_caption":"","_FSMCFIC_featured_image_nocaption":"","_FSMCFIC_featured_image_hide":""},"categories":[33,39],"tags":[60],"acf":[],"_links":{"self":[{"href":"https:\/\/smago.de\/ws2\/wp-json\/wp\/v2\/posts\/56200"}],"collection":[{"href":"https:\/\/smago.de\/ws2\/wp-json\/wp\/v2\/posts"}],"about":[{"href":"https:\/\/smago.de\/ws2\/wp-json\/wp\/v2\/types\/post"}],"author":[{"embeddable":true,"href":"https:\/\/smago.de\/ws2\/wp-json\/wp\/v2\/users\/2"}],"replies":[{"embeddable":true,"href":"https:\/\/smago.de\/ws2\/wp-json\/wp\/v2\/comments?post=56200"}],"version-history":[{"count":2,"href":"https:\/\/smago.de\/ws2\/wp-json\/wp\/v2\/posts\/56200\/revisions"}],"predecessor-version":[{"id":56203,"href":"https:\/\/smago.de\/ws2\/wp-json\/wp\/v2\/posts\/56200\/revisions\/56203"}],"wp:featuredmedia":[{"embeddable":true,"href":"https:\/\/smago.de\/ws2\/wp-json\/wp\/v2\/media\/56201"}],"wp:attachment":[{"href":"https:\/\/smago.de\/ws2\/wp-json\/wp\/v2\/media?parent=56200"}],"wp:term":[{"taxonomy":"category","embeddable":true,"href":"https:\/\/smago.de\/ws2\/wp-json\/wp\/v2\/categories?post=56200"},{"taxonomy":"post_tag","embeddable":true,"href":"https:\/\/smago.de\/ws2\/wp-json\/wp\/v2\/tags?post=56200"}],"curies":[{"name":"wp","href":"https:\/\/api.w.org\/{rel}","templated":true}]}}