{"id":56185,"date":"2018-09-12T11:05:49","date_gmt":"2018-09-12T09:05:49","guid":{"rendered":"https:\/\/smago.de\/?p=56185"},"modified":"2018-09-12T11:05:49","modified_gmt":"2018-09-12T09:05:49","slug":"stefanie-herteltitelsong-ihres-neuen-albums-kopf-hoch-krone-auf-und-weiter-bereits-ab-14-09-2018-erhaeltlich","status":"publish","type":"post","link":"https:\/\/smago.de\/ws2\/volksmusik\/stefanie-herteltitelsong-ihres-neuen-albums-kopf-hoch-krone-auf-und-weiter-bereits-ab-14-09-2018-erhaeltlich\/","title":{"rendered":"STEFANIE HERTEL<br>Titelsong ihres neuen Albums &#8222;Kopf hoch, Krone auf und weiter&#8220; bereits ab 14.09.2018 erh\u00e4ltlich!"},"content":{"rendered":"<p>Die CD als solche folgt dann am 19. Oktober 2018!<br \/>\n<!-more-><\/p>\n<p>&nbsp;<\/p>\n<p style=\"text-align: justify;\">Kopf hoch, Krone auf und weiter &#8211; ein Zacken aus der Krone ist ihr noch nie gebrochen, auch wenn man es der niedlichen Schlagerprinzessin, die vor 25 Jahren mit dem Bacherl damals noch an der Hand ihres Vaters die B\u00fchnenbretter eroberte, sicher nachgesehen h\u00e4tte, wenn sie in all den Jahren auf dem Red Carpet der Schlager-Szene auch mal aus der Rolle gefallen w\u00e4re\u2026 . Vor allem, wenn das Leben der Vogtl\u00e4nderin mal eine h\u00e4rtere Gangart abverlangte und das Schicksal Tribut zollte, brillierte STEFANIE HERTEL durch Zuverl\u00e4ssigkeit und Durchhalteverm\u00f6gen, verbl\u00fcffte mit ungebrochenem Optimismus und verspr\u00fchte ansteckend gute Laune.<\/p>\n<p style=\"text-align: justify;\">Die neuen Songs aus dem am 19.10.2018 erscheinenden Album \u00a0von Stefanie Hertel sind wie Freundinnen. Man h\u00f6rt zu, f\u00fchlt sich verstanden, denkt sich: \u201eAch so, klar, so k\u00f6nnte man das auch sehen\u201c oder \u201estimmt, so versuch ich das!\u201c Und irgendwie ist es auch so, als ob man von sich selber erz\u00e4hlt, wenn man die Texte mitsingt und wei\u00df, man steht mit seinen Sorgen, N\u00f6ten und Freuden nicht allein da. \u201eKopf hoch, Krone auf und weiter\u201c &#8211; dieser Text ist von einer Freundin f\u00fcr eine Freundin geschrieben worden. Von Stefanie Hertels Freundin Jutta Staudenmayer: <em>\u201eWir kennen uns seit so vielen Jahren. Dieses Lied hat mich von Anfang an begeistert, weil es diesen Spruch beinhaltet, den ich wirklich sehr mag. Egal was passiert, lass Dich nicht umhauen. Kopf hoch, Krone auf und weiter. Dabei muss man keine starke Frau sein, um im Leben zu bestehen. Mich hat es in meinem Leben auch schon ein paar Mal umgehauen, besonders im vergangenen Jahr,\u00a0 durch den Tod meiner Mutter und eines lieben Freundes. Aber das Leben geht weiter und man muss nach vorn schauen. Es ist wichtig, solche Abschiede zu verarbeiten und einen Weg f\u00fcr sich zu finden, damit umzugehen. Ich versuche mich damit zu tr\u00f6sten, dass die\u00a0 Menschen, die uns so fehlen, in unserem Herzen und dadurch immer bei uns sind. Ich f\u00fchle mich durch diesen Gedanken gest\u00e4rkt und diese positive Energie gibt mir Kraft.&#8220;<br \/>\n<\/em><\/p>\n<p style=\"text-align: justify;\">Die Single \u00a0&#8222;Kopf hoch, Krone auf und weiter&#8220; von &#8222;Stefanie Hertel &#8220; ist ab 14.09.2018 erh\u00e4ltlich. Das gleichnamige Album folgt am 19. Oktober.<\/p>\n<p><em>\u00a0<\/em><\/p>\n","protected":false},"excerpt":{"rendered":"<p>Die CD als solche folgt dann am 19. Oktober 2018! &nbsp; Kopf hoch, Krone auf und weiter &#8211; ein Zacken<\/p>\n","protected":false},"author":2,"featured_media":56186,"comment_status":"open","ping_status":"closed","sticky":false,"template":"","format":"standard","meta":{"_FSMCFIC_featured_image_caption":"","_FSMCFIC_featured_image_nocaption":"","_FSMCFIC_featured_image_hide":""},"categories":[30],"tags":[91],"acf":[],"_links":{"self":[{"href":"https:\/\/smago.de\/ws2\/wp-json\/wp\/v2\/posts\/56185"}],"collection":[{"href":"https:\/\/smago.de\/ws2\/wp-json\/wp\/v2\/posts"}],"about":[{"href":"https:\/\/smago.de\/ws2\/wp-json\/wp\/v2\/types\/post"}],"author":[{"embeddable":true,"href":"https:\/\/smago.de\/ws2\/wp-json\/wp\/v2\/users\/2"}],"replies":[{"embeddable":true,"href":"https:\/\/smago.de\/ws2\/wp-json\/wp\/v2\/comments?post=56185"}],"version-history":[{"count":1,"href":"https:\/\/smago.de\/ws2\/wp-json\/wp\/v2\/posts\/56185\/revisions"}],"predecessor-version":[{"id":56187,"href":"https:\/\/smago.de\/ws2\/wp-json\/wp\/v2\/posts\/56185\/revisions\/56187"}],"wp:featuredmedia":[{"embeddable":true,"href":"https:\/\/smago.de\/ws2\/wp-json\/wp\/v2\/media\/56186"}],"wp:attachment":[{"href":"https:\/\/smago.de\/ws2\/wp-json\/wp\/v2\/media?parent=56185"}],"wp:term":[{"taxonomy":"category","embeddable":true,"href":"https:\/\/smago.de\/ws2\/wp-json\/wp\/v2\/categories?post=56185"},{"taxonomy":"post_tag","embeddable":true,"href":"https:\/\/smago.de\/ws2\/wp-json\/wp\/v2\/tags?post=56185"}],"curies":[{"name":"wp","href":"https:\/\/api.w.org\/{rel}","templated":true}]}}