{"id":56167,"date":"2018-09-12T00:21:52","date_gmt":"2018-09-11T22:21:52","guid":{"rendered":"https:\/\/smago.de\/?p=56167"},"modified":"2018-09-12T00:23:17","modified_gmt":"2018-09-11T22:23:17","slug":"eloy-de-jonghier-erfahren-sie-alles-ueber-die-kopf-aus-herz-an-deluxe-edition","status":"publish","type":"post","link":"https:\/\/smago.de\/ws2\/pop\/eloy-de-jonghier-erfahren-sie-alles-ueber-die-kopf-aus-herz-an-deluxe-edition\/","title":{"rendered":"ELOY DE JONG<br>HIER erfahren Sie alles \u00fcber die &#8222;Kopf aus &#8211; Herz an (Deluxe Edition)&#8220;!"},"content":{"rendered":"<p style=\"text-align: justify;\">Erh\u00e4ltlich ab 05.10.2018!<br \/>\n<!-more-><\/p>\n<p>&nbsp;<\/p>\n<p>&nbsp;<\/p>\n<p style=\"text-align: justify;\">Chartst\u00fcrmer ELOY DE JONG setzt noch einen drauf: Am 5. Oktober erscheint die erweiterte Deluxe-Edition des #1-Albums \u201eKopf aus \u2013 Herz an\u201c bei TELAMO! Zu den vielen Highlights der Edition z\u00e4hlt u.a. eine exklusive Remix-Version seiner brandneuen Single \u201eLiebe kann so weh tun\u201c feat. Marianne Rosenberg!<\/p>\n<p class=\"bbb_show\" style=\"text-align: justify;\">Er hat den Soundtrack zum Jahrhundertsommer definiert \u2013 und verzaubert seine Fans auch in den kommenden Monaten: Schlager-Senkrechtstarter Eloy de Jong ver\u00f6ffentlicht die um gleich sechs Bonus-Tracks erweiterte Deluxe-Edition seines #1-Albums \u201eKopf aus \u2013 Herz an\u201c am 5. Oktober bei TELAMO. Zeitgleich erscheint die neue Album-Edition auch als spezielle Fanbox, inklusive einer extrem pers\u00f6nlichen und nur in dieser Konfiguration erh\u00e4ltlichen Exklusiv-DVD und vielen weiteren Specials, die Fanherzen h\u00f6herschlagen lassen\u2026<\/p>\n<p class=\"bbb_show\" style=\"text-align: justify;\">Seit dem Sensationserfolg im Fr\u00fchsommer gilt dieser Longplayer als das Schlager-Deb\u00fctalbum des Jahres 2018: Mit dem von Christian Geller aufregend produzierten \u201eKopf aus \u2013 Herz an\u201c-Album sollte Eloy de Jong zun\u00e4chst wochenlang die Spitzenregion der deutschen Charts aufmischen, um schlie\u00dflich sogar die #1 zu erobern. Die nun erscheinende, um reichlich Bonusmaterial erweiterte Neuauflage vereint neben Hits wie \u201eEgal was andere sagen\u201c gleich ein halbes Dutzend Bonustracks: W\u00e4hrend die neue Single \u201eLiebe kann so weh tun\u201c (V\u00d6: 05.10.), die Eloy de Jong mit Marianne Rosenberg aufgenommen hat, obendrein als Remix auf dem Album vertreten ist, gibt es weitere Remix-Versionen von Album-Highlights wie \u201eSchritt f\u00fcr Schritt\u201c und \u201eRegenbogen\u201c; au\u00dferdem vereint die Deluxe-Variante neben exklusiven Unplugged- (\u201eAn deiner Seite\u201c) und Akustik-Versionen (\u201eEgal was andere sagen\u201c) auch den brandneuen Titel \u201eWeihnachtszeit\u201c, abermals aus der Feder von Christian Geller und Christoph A\u00dfmann, mit dem der S\u00e4nger wundersch\u00f6n f\u00fcr vorweihnachtliche Stimmung sorgt.<\/p>\n<p class=\"bbb_show\" style=\"text-align: justify;\">Zus\u00e4tzlich zur brandneuen Deluxe-Edition des #1-Albums beinhaltet die zeitgleich erscheinende Fanbox-Edition auch eine Exklusiv-DVD, die vorerst nur in dieser Box erh\u00e4ltlich sein wird: Die gesamte Schlager-Sensationsgeschichte des Sommers 2018 wird hier noch einmal in packenden Bildern nacherz\u00e4hlt! Das Beste daran: Der sympathische Eloy f\u00fchrt die Zuschauerinnen und Zuschauer selbst durchs Programm, und speziell daf\u00fcr geschossene Handy-Videos von ihm und seinem direkten Umfeld erlauben es den Fans, den Sonnyboy hautnah zu erleben. Dazu gibt\u2019s neben dem gro\u00dfen TV-Special (\u201eH\u00f6r auf dein Herz\u201c) und allen offiziellen Videoclips auch exklusive Mitschnitte von Auftritten, Interviews, Behind-the-Scenes-Material und vieles mehr.<\/p>\n<p>Eingerahmt wird das CD\/DVD-Doppelpack von vielen weiteren Fan-Specials wie z.B. einer Eloy-Christbaumkugel, drei Live-Fotos sowie einer musikalischen Gru\u00dfkarte, die beim Aufklappen seinen neuen Song \u201eWeihnachtszeit\u201c spielt\u2026<\/p>\n<p class=\"bbb_show\" style=\"text-align: justify;\">Schluss mit Vorurteilen, lieber einfach mal dem Bauchgef\u00fchl vertrauen \u2013 so lautet die Kernaussage von \u201eKopf aus \u2013 Herz an\u201c: Im Verlauf der insgesamt 20 Songs der Deluxe-Edition seines Sensations-Deb\u00fcts zeigt der 45-j\u00e4hrige Sonnyboy immer wieder, wie explosiv, vielseitig, bewegend und tiefsch\u00fcrfend Schlager heute klingen kann \u2013 und dass aus dem einstigen Teenager-Schwarm mit der Zeit ein sehr viel reiferer K\u00fcnstler geworden ist, der in seinen Songs Leichtigkeit und Tiefgang kombiniert und Gef\u00fchle verpacken kann wie kaum ein anderer.<\/p>\n<p class=\"bbb_show\" style=\"text-align: justify;\">Kaum zu glauben, in welchem Tempo Eloy de Jong in den zur\u00fcckliegenden Monaten die deutschsprachige Schlagerwelt erobert hat: Auf den wahrlich \u201emagischen Moment\u201c, als der einstige Caught in the Act-S\u00e4nger aus den Niederlanden in Florian Silbereins Show \u201eHEIMLICH! Die gro\u00dfe Schlager-\u00dcberraschung\u201c mit der ersten Live-Performance des Songs \u201eEgal was andere sagen\u201c einen der \u201eemotionalsten Auftritte des Jahres\u201c ablieferte, folgte direkt die erste #1 in den Downloadcharts. Der dazugeh\u00f6rige Clip verzeichnete binnen k\u00fcrzester Zeit mehr als 3,8 Millionen Views. Sein gemeinsam mit Christian Geller aufgenommenes Schlager-Deb\u00fctalbum \u201eKopf aus \u2013 Herz an\u201c, das nun als Fanbox- und Deluxe-Edition erscheint, eroberte daraufhin schon im Juni Platz 2 sowie die Spitze der deutschen Schlagercharts. Seither nicht mehr wegzudenken aus der Topregion der Verkaufslisten, kletterte der Erstling wenige Wochen danach sogar auf die #1 der offiziellen deutschen Albumcharts, w\u00e4hrend sich die Nachfolger-Single \u201eSchritt f\u00fcr Schritt\u201c als der n\u00e4chste gro\u00dfe Hit entpuppte: Ganz oben in den Airplay-Charts, bescherte sie dem Holl\u00e4nder binnen weniger Wochen wiederum knapp eine halbe Million YouTube-Views. Auch in \u00d6sterreich und der Schweiz hatte der Longplayer auf Anhieb die Spitzenpl\u00e4tze der Charts aufgemischt: Parallel zu Platz 2 in \u00d6sterreich ging das facettenreiche Schlageralbum des S\u00e4ngers in der Schweiz auf die #10!<\/p>\n<p>&nbsp;<\/p>\n<p><img decoding=\"async\" loading=\"lazy\" class=\"alignnone size-large wp-image-56168\" src=\"https:\/\/online.smago.de\/ws2\/wp-content\/uploads\/2018\/09\/Eloy_de_Jong_Kopf_aus_Herz_an_Deluxe-Edition_CD-Cover__Button_4053804312479-1-1024x1024.jpg\" alt=\"\" width=\"660\" height=\"660\" srcset=\"https:\/\/smago.de\/ws2\/wp-content\/uploads\/2018\/09\/Eloy_de_Jong_Kopf_aus_Herz_an_Deluxe-Edition_CD-Cover__Button_4053804312479-1-1024x1024.jpg 1024w, https:\/\/smago.de\/ws2\/wp-content\/uploads\/2018\/09\/Eloy_de_Jong_Kopf_aus_Herz_an_Deluxe-Edition_CD-Cover__Button_4053804312479-1-150x150.jpg 150w, https:\/\/smago.de\/ws2\/wp-content\/uploads\/2018\/09\/Eloy_de_Jong_Kopf_aus_Herz_an_Deluxe-Edition_CD-Cover__Button_4053804312479-1-300x300.jpg 300w, https:\/\/smago.de\/ws2\/wp-content\/uploads\/2018\/09\/Eloy_de_Jong_Kopf_aus_Herz_an_Deluxe-Edition_CD-Cover__Button_4053804312479-1-768x768.jpg 768w, https:\/\/smago.de\/ws2\/wp-content\/uploads\/2018\/09\/Eloy_de_Jong_Kopf_aus_Herz_an_Deluxe-Edition_CD-Cover__Button_4053804312479-1-522x522.jpg 522w, https:\/\/smago.de\/ws2\/wp-content\/uploads\/2018\/09\/Eloy_de_Jong_Kopf_aus_Herz_an_Deluxe-Edition_CD-Cover__Button_4053804312479-1-190x190.jpg 190w, https:\/\/smago.de\/ws2\/wp-content\/uploads\/2018\/09\/Eloy_de_Jong_Kopf_aus_Herz_an_Deluxe-Edition_CD-Cover__Button_4053804312479-1-445x445.jpg 445w\" sizes=\"(max-width: 660px) 100vw, 660px\" \/><\/p>\n","protected":false},"excerpt":{"rendered":"<p>Erh\u00e4ltlich ab 05.10.2018! &nbsp; &nbsp; Chartst\u00fcrmer ELOY DE JONG setzt noch einen drauf: Am 5. Oktober erscheint die erweiterte Deluxe-Edition<\/p>\n","protected":false},"author":2,"featured_media":56170,"comment_status":"open","ping_status":"closed","sticky":false,"template":"","format":"standard","meta":{"_FSMCFIC_featured_image_caption":"","_FSMCFIC_featured_image_nocaption":"","_FSMCFIC_featured_image_hide":""},"categories":[27],"tags":[97],"acf":[],"_links":{"self":[{"href":"https:\/\/smago.de\/ws2\/wp-json\/wp\/v2\/posts\/56167"}],"collection":[{"href":"https:\/\/smago.de\/ws2\/wp-json\/wp\/v2\/posts"}],"about":[{"href":"https:\/\/smago.de\/ws2\/wp-json\/wp\/v2\/types\/post"}],"author":[{"embeddable":true,"href":"https:\/\/smago.de\/ws2\/wp-json\/wp\/v2\/users\/2"}],"replies":[{"embeddable":true,"href":"https:\/\/smago.de\/ws2\/wp-json\/wp\/v2\/comments?post=56167"}],"version-history":[{"count":3,"href":"https:\/\/smago.de\/ws2\/wp-json\/wp\/v2\/posts\/56167\/revisions"}],"predecessor-version":[{"id":56172,"href":"https:\/\/smago.de\/ws2\/wp-json\/wp\/v2\/posts\/56167\/revisions\/56172"}],"wp:featuredmedia":[{"embeddable":true,"href":"https:\/\/smago.de\/ws2\/wp-json\/wp\/v2\/media\/56170"}],"wp:attachment":[{"href":"https:\/\/smago.de\/ws2\/wp-json\/wp\/v2\/media?parent=56167"}],"wp:term":[{"taxonomy":"category","embeddable":true,"href":"https:\/\/smago.de\/ws2\/wp-json\/wp\/v2\/categories?post=56167"},{"taxonomy":"post_tag","embeddable":true,"href":"https:\/\/smago.de\/ws2\/wp-json\/wp\/v2\/tags?post=56167"}],"curies":[{"name":"wp","href":"https:\/\/api.w.org\/{rel}","templated":true}]}}