{"id":56163,"date":"2018-09-12T00:17:07","date_gmt":"2018-09-11T22:17:07","guid":{"rendered":"https:\/\/smago.de\/?p=56163"},"modified":"2018-09-12T00:17:35","modified_gmt":"2018-09-11T22:17:35","slug":"stefanie-hertelwissenswertes-ueber-ihre-neue-cd-kopf-hoch-krone-auf-und-weiter","status":"publish","type":"post","link":"https:\/\/smago.de\/ws2\/volksmusik\/stefanie-hertelwissenswertes-ueber-ihre-neue-cd-kopf-hoch-krone-auf-und-weiter\/","title":{"rendered":"STEFANIE HERTEL<br>Wissenswertes \u00fcber ihre neue CD &#8222;Kopf hoch, Krone auf und weiter&#8220;!"},"content":{"rendered":"<p style=\"text-align: justify;\">Mit dem Titel &#8222;Alle Tiere dieser Welt&#8220; unterst\u00fctzt die engagierte Tierfreundin auch aufgrund eigener Erfahrung das Stra\u00dfenhunde-Projekt &#8222;Keritiii&#8220; in Griechenland &#8230;:<br \/>\n<!-more-><\/p>\n<p>&nbsp;<\/p>\n<p>&nbsp;<\/p>\n<p style=\"text-align: justify;\">Ein Zacken aus der Krone ist ihr noch nie gebrochen \u2013 auch wenn man es der niedlichen Schlagerprinzessin, die vor 25 Jahren mit dem Bacherl damals noch an der Hand ihres Vaters die B\u00fchnenbretter eroberte, sicher nachgesehen h\u00e4tte, wenn sie in all den Jahren auf dem Red Carpet der Schlager-Szene auch mal aus der Rolle gefallen w\u00e4re\u2026 . Vor allem, wenn das Leben der Vogtl\u00e4nderin mal eine h\u00e4rtere Gangart abverlangte und das Schicksal Tribut zollte, brillierte STEFANIE HERTEL durch Zuverl\u00e4ssigkeit und Durchhalteverm\u00f6gen, verbl\u00fcffte mit ungebrochenem Optimismus und verspr\u00fchte ansteckend gute Laune.<\/p>\n<p>Die neuen Songs von Stefanie Hertel sind wie Freundinnen. Man h\u00f6rt zu, f\u00fchlt sich verstanden, denkt sich: \u201eAch so, klar, so k\u00f6nnte man das auch sehen\u201c oder \u201estimmt, so versuch ich das!\u201c Und irgendwie ist es auch so, als ob man von sich selber erz\u00e4hlt, wenn man die Texte mitsingt und wei\u00df, man steht mit seinen Sorgen, N\u00f6ten und Freuden nicht allein da. \u201eKopf hoch, Krone auf und weiter\u201c \u2013 dieser Text ist von einer Freundin f\u00fcr eine Freundin geschrieben worden. Von Stefanie Hertels Freundin Jutta Staudenmayer: <em>\u201eWir kennen uns seit so vielen Jahren. Dieses Lied hat mich von Anfang an begeistert, weil es diesen Spruch beinhaltet, den ich wirklich sehr mag. Egal was passiert, lass Dich nicht umhauen. Kopf hoch, Krone auf und weiter. Dabei muss man keine starke Frau sein, um im Leben zu bestehen. Mich hat es in meinem Leben auch schon ein paar Mal umgehauen, besonders im vergangenen Jahr, durch den Tod meiner Mutter und eines lieben Freundes. Aber das Leben geht weiter und man muss nach vorn schauen. Es ist wichtig, solche Abschiede zu verarbeiten und einen Weg f\u00fcr sich zu finden, damit umzugehen. Ich versuche mich damit zu tr\u00f6sten, dass die Menschen, die uns so fehlen, in unserem Herzen und dadurch immer bei uns sind. Ich f\u00fchle mich durch diesen Gedanken gest\u00e4rkt und diese positive Energie gibt mir Kraft.\u201c<br \/>\n<\/em><br \/>\nIn den vergangenen Jahren hat sich die Menschheit durch den technischen Fortschritt vieles erleichtert und erm\u00f6glicht, um sich das Leben angenehmer zu gestalten: Doch in die Zukunft zu schauen, ist zum Gl\u00fcck nicht m\u00f6glich. Das Leben ist mit seinen Niederschl\u00e4gen aber auch Phasen puren Gl\u00fccks genau deshalb so reizvoll, weil wir es nicht vorhersehen k\u00f6nnen. Was sein wird, wird sein \u2013 \u201eQue Sera\u201c. <em>\u201eAls wir Liedangebote abgeh\u00f6rt haben, war ich schon beim Intro gespannt, was da jetzt kommt. Und dann traf mich etwas Unerwartetes: Eine mir sehr vertraute Stimme fing an zu singen. Eine Stimme, die ich 20 Jahre lang auf all meinen Demos geh\u00f6rt habe. N\u00e4mlich die, von meinem lieben Erich alias Jean Frankfurter. Auch der Texter Tobias Reitz ist ein langj\u00e4hriger Vertrauter und Freund von mir. Nat\u00fcrlich hat das spontan Sympathien f\u00fcr das Lied geweckt, aber auch so war f\u00fcr mich gleich klar: Das ist mein Song!\u201c<\/em><\/p>\n<p class=\"bbb_show\" style=\"text-align: justify;\">Im Fr\u00fchjahr fuhr die 39-J\u00e4hrige zu einem verabredeten Songwriting-Tag zu ihrem Produzenten Wolfgang Lindner in die Wachau, mit dem Wunsch, in dieser Studiosession ein Lied zu schreiben, das sie gemeinsam mit ihrem Papa in der \u201eGro\u00dfen Show zum Muttertag\u201c singen wollte. Zum Andenken an ihre zum Jahresende verstorbene Mutter.<em> \u201eIm Auto fing ich schon an mir Gedanken zu machen. Die Liedzeile fiel mir ein, dann die n\u00e4chste Zeile, pl\u00f6tzlich war der Refrain fertig. Und so ging es immer weiter, bis das Lied fertig war. Ich sang alles auf die Memo Funktion meines Handys auf.\u201c<\/em> Als Stefanie Hertel im Studio angekommen war, hielt sie das bewegende Duett \u201eIch will dich wieder lachen sehen\u201c in H\u00e4nden.<\/p>\n<p>Nicht nur privat sind seit einigen Jahren auch Stefanie Hertel und ihr Mann Lanny Lanner ein absolutes Dreamteam. Wenn die Stimmen von Stefanie Hertel &amp; Lanny Lanner sich in \u201eStille nach dem Sturm\u201c vereinen, dann ist die sp\u00fcrbare Harmonie zwischen Beiden fast schon eine Liebeserkl\u00e4rung\u2026 \u201cCalm after the storm\u201d, in der Original-Version auf Englisch, war und ist ihr pers\u00f6nlicher Gewinner des ESC 2014. <em>\u201cWir hatten uns schon damals in diesen Song verliebt und der Gedanke, diesen Song auf Deutsch neu aufzulegen, hat uns seitdem begleitet. 2017 haben wir ihn aufgenommen \u2013 mit unseren eigenen Worten, mit einem deutschen Text, den wir gemeinsam dazu geschrieben hatten. Dass moderner Country Pop-Rock auch im deutschsprachigen Raum das Publikum begeistern kann, freut uns sehr und wir hoffen, mit dieser Version dem Lied eine gef\u00fchlvolle, deutschsprachige Stimme zu geben.\u201c<\/em><\/p>\n<p>Gef\u00fchlvoll bleibt es auch mit der Ballade \u201eDir geh\u00f6rt mein Herz\u201c und mit \u201eBis zum letzten Kuss\u201c im modernen, rockigen Country-Sound bis hin zum tapfer-trotzig bestimmten \u201cBleib bei ihr\u201c. Denn alles braucht man sich bei aller Liebe nun wirklich nicht bieten zu lassen. Dass nicht jeder Frosch ein Prinz ist, haben wir schon aus dem M\u00e4rchenbuch gelernt. Und manchmal darf man halt auch ein paar mehr k\u00fcssen, bis man \u201eMr. Richtig\u201c findet\u2026Womit wir wieder beim Thema w\u00e4ren. Kopf hoch, M\u00e4dels, Krone auf und weiter! Wer erinnert sich nicht an die Kinderzeit? Stefanie Hertel schaut mit \u201eWei\u00dft du noch\u201c mit bezaubernder Leichtigkeit zur\u00fcck und ermutigt im gleichen Atemzug ihre Tochter Johanna, die als Teenager so langsam fl\u00fcgge wird: \u201eSpann die Fl\u00fcgel\u201c.<\/p>\n<p>Ein wunderbares Gute Laune-Lied ist \u201eEin guter Tag\u201c. Das Wohlf\u00fchlbarometer klettert auch bei \u201eIch f\u00fchl mich sch\u00f6n\u201c ganz nach oben, denn beste Stimmung verspricht ein Partner, in dessen Gesellschaft man sich mit Liedzeilen wie \u201eich f\u00fchl mich sch\u00f6n, sch\u00f6n, sch\u00f6n wenn du mit mir lachst\u201c rundum und uneingeschr\u00e4nkt sch\u00f6n f\u00fchlen und \u201eso\u2019n Prinzessinnengef\u00fchl\u201c haben darf.<\/p>\n<p>Obwohl sie das Landleben der Gro\u00dfstadt immer vorziehen w\u00fcrde, zieht der Landmensch Stefanie Hertel, wie sie sich selber beschreibt, aus ihren Besuchen in der Hauptstadt Berlin kreative Impulse. Dort wohnt auch eine ihrer besten Freundinnen, noch aus Schulzeiten. Bei einem dieser Besuche ist der Text zu \u201eAdieu\u201c entstanden. <em>\u201eVon der Keyboarderin meiner DirndlRockBand hatte ich ein Demo mit der Melodie eines Liedes dabei, beim Anh\u00f6ren sofort die ersten Textzeilen im Ohr und innerhalb k\u00fcrzester Zeit den Text fertig.\u201c<br \/>\n<\/em><br \/>\nAbergl\u00e4ubisch ist Stefanie Hertel nicht, daher nimmt die Standard-Edition des Albums \u201eKopf hoch, Krone auf und weiter\u201c mit 13 glanzvollen Tracks, liebevoll arrangiert und produziert von Wolfgang Lindner, ein Happy End. Und wir sind jetzt schon gespannt, wie\u2019s mit der m\u00e4rchenhaften Karriere weitergeht\u2026<\/p>\n<p class=\"bbb_show\" style=\"text-align: justify;\">Ein Medley ihrer beliebtesten Lieder, mit ihren musikalischen Wegbegleiterinnen, den Musikerinnen der DirndlRockBand neu eingespielt, und auch das \u201eBacherl\u201c lassen den Longplayer in der Special-Edition mit ins Jahr 2018 \u00fcbersetzten Arrangements nicht ausklingen, sondern verleihen dem Album als Hit-Lift nochmal richtig Druck. Einen Gedanken zum Nachklingen schenkt uns Stefanie Hertel zum Abschluss \u2013 als Botschafterin des \u201eDeutschen Tierschutzbundes\u201c und als \u00fcberzeugte Vegetarierin. Mit dem Titel \u201e Alle Tiere dieser Welt\u201c unterst\u00fctzt die engagierte Tierfreundin auch aufgrund eigener Erfahrung das Stra\u00dfenhunde-Projekt \u201eKeritiii\u201c in Griechenland.<\/p>\n<p>Das Album \u201cKopf hoch, Krone auf und weiter\u201d von \u201cStefanie Hertel \u201d ist ab 19.10.2018 erh\u00e4ltlich.<\/p>\n","protected":false},"excerpt":{"rendered":"<p>Mit dem Titel &#8222;Alle Tiere dieser Welt&#8220; unterst\u00fctzt die engagierte Tierfreundin auch aufgrund eigener Erfahrung das Stra\u00dfenhunde-Projekt &#8222;Keritiii&#8220; in Griechenland<\/p>\n","protected":false},"author":2,"featured_media":56164,"comment_status":"open","ping_status":"closed","sticky":false,"template":"","format":"standard","meta":{"_FSMCFIC_featured_image_caption":"","_FSMCFIC_featured_image_nocaption":"","_FSMCFIC_featured_image_hide":""},"categories":[30],"tags":[91],"acf":[],"_links":{"self":[{"href":"https:\/\/smago.de\/ws2\/wp-json\/wp\/v2\/posts\/56163"}],"collection":[{"href":"https:\/\/smago.de\/ws2\/wp-json\/wp\/v2\/posts"}],"about":[{"href":"https:\/\/smago.de\/ws2\/wp-json\/wp\/v2\/types\/post"}],"author":[{"embeddable":true,"href":"https:\/\/smago.de\/ws2\/wp-json\/wp\/v2\/users\/2"}],"replies":[{"embeddable":true,"href":"https:\/\/smago.de\/ws2\/wp-json\/wp\/v2\/comments?post=56163"}],"version-history":[{"count":2,"href":"https:\/\/smago.de\/ws2\/wp-json\/wp\/v2\/posts\/56163\/revisions"}],"predecessor-version":[{"id":56166,"href":"https:\/\/smago.de\/ws2\/wp-json\/wp\/v2\/posts\/56163\/revisions\/56166"}],"wp:featuredmedia":[{"embeddable":true,"href":"https:\/\/smago.de\/ws2\/wp-json\/wp\/v2\/media\/56164"}],"wp:attachment":[{"href":"https:\/\/smago.de\/ws2\/wp-json\/wp\/v2\/media?parent=56163"}],"wp:term":[{"taxonomy":"category","embeddable":true,"href":"https:\/\/smago.de\/ws2\/wp-json\/wp\/v2\/categories?post=56163"},{"taxonomy":"post_tag","embeddable":true,"href":"https:\/\/smago.de\/ws2\/wp-json\/wp\/v2\/tags?post=56163"}],"curies":[{"name":"wp","href":"https:\/\/api.w.org\/{rel}","templated":true}]}}