{"id":56154,"date":"2018-09-12T00:00:56","date_gmt":"2018-09-11T22:00:56","guid":{"rendered":"https:\/\/smago.de\/?p=56154"},"modified":"2018-09-11T23:56:02","modified_gmt":"2018-09-11T21:56:02","slug":"christian-andersdie-seele-weint-nachruf-von-christian-anders-auf-daniel-kaiser-kueblboeck-vormals-daniel-kueblboeck","status":"publish","type":"post","link":"https:\/\/smago.de\/ws2\/schlager\/christian-andersdie-seele-weint-nachruf-von-christian-anders-auf-daniel-kaiser-kueblboeck-vormals-daniel-kueblboeck\/","title":{"rendered":"CHRISTIAN ANDERS<br>&#8222;Die Seele weint &#8230;&#8220; &#8211; Nachruf von Christian Anders auf Daniel Kaiser-K\u00fcblb\u00f6ck ((vormals: DANIEL K\u00dcBLB\u00d6CK))!"},"content":{"rendered":"<p>Was &#8222;Das Buch des Lichts&#8220; besagt &#8230;:<br \/>\n<!-more-><\/p>\n<p>&nbsp;<\/p>\n<p>&nbsp;<\/p>\n<p style=\"text-align: justify;\">Christian Anders hat einen \u00e4u\u00dferst fragw\u00fcrdigen Nachruf auf DANIEL KAISER-K\u00dcBLB\u00d6CK &#8222;produziert&#8220;.<\/p>\n<p>Sollten Sie sich f\u00fcr diesen Nachruf interessieren, sollten Sie ein wenig Zeit mitbringen. Denn die Ausf\u00fchrungen des Herrn Anders haben eine Laufzeit von einer Stunde, zwei Minuten und 39 Sekunden &#8230;<\/p>\n<p>https:\/\/www.youtube.com\/watch?v=oF4C_6QKSgM<\/p>\n<p>&nbsp;<\/p>\n<p>&nbsp;<\/p>\n","protected":false},"excerpt":{"rendered":"<p>Was &#8222;Das Buch des Lichts&#8220; besagt &#8230;: &nbsp; &nbsp; Christian Anders hat einen \u00e4u\u00dferst fragw\u00fcrdigen Nachruf auf DANIEL KAISER-K\u00dcBLB\u00d6CK &#8222;produziert&#8220;.<\/p>\n","protected":false},"author":2,"featured_media":54734,"comment_status":"open","ping_status":"closed","sticky":false,"template":"","format":"standard","meta":{"_FSMCFIC_featured_image_caption":"","_FSMCFIC_featured_image_nocaption":"","_FSMCFIC_featured_image_hide":""},"categories":[29],"tags":[164,500],"acf":[],"_links":{"self":[{"href":"https:\/\/smago.de\/ws2\/wp-json\/wp\/v2\/posts\/56154"}],"collection":[{"href":"https:\/\/smago.de\/ws2\/wp-json\/wp\/v2\/posts"}],"about":[{"href":"https:\/\/smago.de\/ws2\/wp-json\/wp\/v2\/types\/post"}],"author":[{"embeddable":true,"href":"https:\/\/smago.de\/ws2\/wp-json\/wp\/v2\/users\/2"}],"replies":[{"embeddable":true,"href":"https:\/\/smago.de\/ws2\/wp-json\/wp\/v2\/comments?post=56154"}],"version-history":[{"count":2,"href":"https:\/\/smago.de\/ws2\/wp-json\/wp\/v2\/posts\/56154\/revisions"}],"predecessor-version":[{"id":56156,"href":"https:\/\/smago.de\/ws2\/wp-json\/wp\/v2\/posts\/56154\/revisions\/56156"}],"wp:featuredmedia":[{"embeddable":true,"href":"https:\/\/smago.de\/ws2\/wp-json\/wp\/v2\/media\/54734"}],"wp:attachment":[{"href":"https:\/\/smago.de\/ws2\/wp-json\/wp\/v2\/media?parent=56154"}],"wp:term":[{"taxonomy":"category","embeddable":true,"href":"https:\/\/smago.de\/ws2\/wp-json\/wp\/v2\/categories?post=56154"},{"taxonomy":"post_tag","embeddable":true,"href":"https:\/\/smago.de\/ws2\/wp-json\/wp\/v2\/tags?post=56154"}],"curies":[{"name":"wp","href":"https:\/\/api.w.org\/{rel}","templated":true}]}}