{"id":56134,"date":"2018-09-11T16:58:58","date_gmt":"2018-09-11T14:58:58","guid":{"rendered":"https:\/\/smago.de\/?p=56134"},"modified":"2018-09-11T16:58:58","modified_gmt":"2018-09-11T14:58:58","slug":"smago-informiertheute-11-09-2018-das-erste-ard-das-grosse-loeschen-im-netz-im-schatten-der-netzwelt-the-cleaners","status":"publish","type":"post","link":"https:\/\/smago.de\/ws2\/smago-informiert\/smago-informiertheute-11-09-2018-das-erste-ard-das-grosse-loeschen-im-netz-im-schatten-der-netzwelt-the-cleaners\/","title":{"rendered":"smago! INFORMIERT<br>Heute (11.09.2018), Das Erste \/ ARD: &#8222;Das gro\u00dfe L\u00f6schen im Netz: &#8222;Im Schatten der Netzwelt &#8211; The Cleaners&#8220;!"},"content":{"rendered":"<form id=\"aspnetForm\" action=\"detail.aspx?id=973A8BD721433AD9&amp;isArchiv=D8D982FC9E267E2E&amp;Volltext=&amp;sopt=D8D982FC9E267E2E\" method=\"post\" name=\"aspnetForm\">\n<div id=\"ctl00_ctl00_updPnlContent\">\n<div id=\"PageContentContainer\">\n<div id=\"PageContent\">\n<div id=\"PageContentTable\" style=\"text-align: justify;\">Die Filmemacher Moritz Riesewieck und Hans Block enth\u00fcllen in ihrem Deb\u00fctfilm die Schattenseiten der sozialen Medien und der m\u00e4chtigen Konzerne, die dahinterstehen \/\/ 22:45 Uhr &#8211; 00:15 Uhr!<\/div>\n<\/div>\n<\/div>\n<\/div>\n<\/form>\n<p><!-more-><\/p>\n<p style=\"text-align: justify;\">\n<p>&nbsp;<\/p>\n<p>&nbsp;<\/p>\n<p style=\"text-align: justify;\">\u201eIm Schatten der Netzwelt &#8211; The Cleaners&#8220; deckt eine gigantische Schattenindustrie digitaler Zensur in Manila auf, dem weltweit gr\u00f6\u00dften Standort f\u00fcr Content-Moderation. Dort l\u00f6schen zehntausende Menschen in Zehn-Stunden-Schichten im Auftrag der gro\u00dfen Silicon-Valley-Konzerne belastende Fotos und Videos von Facebook, YouTube, Twitter &amp; Co. Komplexe Entscheidungen \u00fcber Zensur oder Sichtbarkeit von Inhalten werden an die Content-Moderatoren abgegeben. Die Kriterien und Vorgaben, nach denen sie arbeiten, sind eines der am besten gesch\u00fctzten Geheimnisse des Silicon Valley. Die Filmemacher Moritz Riesewieck und Hans Block enth\u00fcllen in ihrem Deb\u00fctfilm die Schattenseiten der sozialen Medien und der m\u00e4chtigen Konzerne, die dahinterstehen. Er erz\u00e4hlt, wie Fake News und Hass durch die sozialen Netzwerke verbreitet und verst\u00e4rkt werden und wie L\u00f6schvorg\u00e4nge zur Online-Zensur f\u00fchren k\u00f6nnen. Zu sehen ist der Dokumentarfilm \u201eIm Schatten der Netzwelt &#8211; The Cleaners&#8220; am Dienstag, 11. September 2018, um 22:45 Uhr im Ersten.<\/p>\n<p style=\"text-align: justify;\">Der aufsehenerregende Film leistet einen wichtigen Beitrag zur Debatte rund um die L\u00f6schpraxis der Silicon-Valley-Unternehmen: Die EU will das L\u00f6schen von Inhalten in den sozialen Medien nun st\u00e4rker regulieren und hat f\u00fcr Mitte September einen Gesetzesentwurf angek\u00fcndigt. Unternehmen wie Facebook oder Twitter sollen verpflichtet werden, terroristische Inhalte schneller zu entfernen. Bisher hatte die EU allein auf freiwillige Ma\u00dfnahmen gesetzt. Die neue Gesetzesinitiative best\u00e4tigten EU-Parlamentarier bei einer Vorf\u00fchrung des Dokumentarfilms \u201eIm Schatten der Netzwelt &#8211; The Cleaners&#8220; am 5. September 2018 in Br\u00fcssel.<\/p>\n<p style=\"text-align: justify;\">\u201eIm Schatten der Netzwelt &#8211; The Cleaners&#8220; ist eine Koproduktion der gebrueder beetz filmproduktion mit dem WDR (Federf\u00fchrung), NDR und rbb in Zusammenarbeit mit ARTE und zahlreichen anderen internationalen Partnern. Er feierte seine Weltpremiere beim Sundance Film Festival und wurde u.a. beim Filmfestival in Moskau als bester Dokumentarfilm ausgezeichnet. Derzeit ist er mit einer Nominierung f\u00fcr den Prix Europa und den Japan Prize im Rennen.<\/p>\n<p style=\"text-align: justify;\">Der Film wird im Herbst 2018 kurz nach der Ausstrahlung auf ARTE (28. August 2018) und im Ersten (11. September 2018) in \u00fcber 20 weiteren L\u00e4ndern ausgestrahlt, darunter die Niederlande, Israel, \u00d6sterreich, D\u00e4nemark, Schweden, Finnland, USA, Gro\u00dfbritannien und Japan. TV-Ausstrahlungen in Spanien, Italien, Kanada, Schweiz, Norwegen, Belgien, Brasilien und China sind f\u00fcr 2019 geplant.<\/p>\n<p>&nbsp;<\/p>\n<p>&nbsp;<\/p>\n<div class=\"leftMedia\">\n<div class=\"text\"><\/div>\n<\/div>\n<div class=\"rightMedia\">\n<div class=\"symbol\"><a href=\"http:\/\/www.daserste.de\/information\/reportage-dokumentation\/dokus\/videos\/im-schatten-der-netzwelt-the-cleaners-video-100.html\" target=\"_blank\" rel=\"noopener\"><img decoding=\"async\" src=\"https:\/\/presse.daserste.de\/img\/icons\/video.gif\" alt=\"Video\" \/><\/a><\/div>\n<div class=\"text\"><a href=\"http:\/\/www.daserste.de\/information\/reportage-dokumentation\/dokus\/videos\/im-schatten-der-netzwelt-the-cleaners-video-100.html\" target=\"_blank\" rel=\"noopener\">Im Schatten der Netzwelt &#8211; The Cleaners<\/a><\/div>\n<\/div>\n<div class=\"leftMedia\">\n<div class=\"symbol\"><a href=\"http:\/\/www.daserste.de\/information\/reportage-dokumentation\/dokus\/videos\/03_beispiele-von-content_the-cleaners_mit-deutschen-uts-100.html\" target=\"_blank\" rel=\"noopener\"><img decoding=\"async\" src=\"https:\/\/presse.daserste.de\/img\/icons\/video.gif\" alt=\"Video\" \/><\/a><\/div>\n<div class=\"text\"><a href=\"http:\/\/www.daserste.de\/information\/reportage-dokumentation\/dokus\/videos\/03_beispiele-von-content_the-cleaners_mit-deutschen-uts-100.html\" target=\"_blank\" rel=\"noopener\">Extra: The Cleaners\u2013 Content-Beispiele<\/a><\/div>\n<\/div>\n<div class=\"rightMedia\">\n<div class=\"symbol\"><a href=\"http:\/\/www.daserste.de\/information\/reportage-dokumentation\/dokus\/videos\/01_aufgaben-der-content-moderatoren_the-cleaners_mit-deutschen-uts-100.html\" target=\"_blank\" rel=\"noopener\"><img decoding=\"async\" src=\"https:\/\/presse.daserste.de\/img\/icons\/video.gif\" alt=\"Video\" \/><\/a><\/div>\n<div class=\"text\"><a href=\"http:\/\/www.daserste.de\/information\/reportage-dokumentation\/dokus\/videos\/01_aufgaben-der-content-moderatoren_the-cleaners_mit-deutschen-uts-100.html\" target=\"_blank\" rel=\"noopener\">Extra: The Cleaners \u2013 Aufgaben der &#8222;Cleaner&#8220;<\/a><\/div>\n<\/div>\n<div class=\"leftMedia\">\n<div class=\"symbol\"><a href=\"http:\/\/www.daserste.de\/information\/reportage-dokumentation\/dokus\/videos\/06_technologie-hat-ein-ziel_the-cleaners_mit-detuschen-uts-100.html\" target=\"_blank\" rel=\"noopener\"><img decoding=\"async\" src=\"https:\/\/presse.daserste.de\/img\/icons\/video.gif\" alt=\"Video\" \/><\/a><\/div>\n<div class=\"text\"><a href=\"http:\/\/www.daserste.de\/information\/reportage-dokumentation\/dokus\/videos\/06_technologie-hat-ein-ziel_the-cleaners_mit-detuschen-uts-100.html\" target=\"_blank\" rel=\"noopener\">Extra: The Cleaners \u2013 Ein Ziel<\/a><\/div>\n<\/div>\n<div class=\"rightMedia\">\n<div class=\"symbol\"><a href=\"http:\/\/www.daserste.de\/information\/reportage-dokumentation\/dokus\/videos\/04_wir-versklaven-uns-selbst_the-cleaners_mit-deutschen-uts-100.html\" target=\"_blank\" rel=\"noopener\"><img decoding=\"async\" src=\"https:\/\/presse.daserste.de\/img\/icons\/video.gif\" alt=\"Video\" \/><\/a><\/div>\n<div class=\"text\"><a href=\"http:\/\/www.daserste.de\/information\/reportage-dokumentation\/dokus\/videos\/04_wir-versklaven-uns-selbst_the-cleaners_mit-deutschen-uts-100.html\" target=\"_blank\" rel=\"noopener\">Extra: The Cleaners \u2013 Versklavung<\/a><\/div>\n<\/div>\n<div class=\"leftMedia\">\n<div class=\"symbol\"><a href=\"http:\/\/www.daserste.de\/information\/reportage-dokumentation\/dokus\/videos\/07_in-god-we-trust_the-cleaners_mit-deutschen-uts-100.html\" target=\"_blank\" rel=\"noopener\"><img decoding=\"async\" src=\"https:\/\/presse.daserste.de\/img\/icons\/video.gif\" alt=\"Video\" \/><\/a><\/div>\n<div class=\"text\"><a href=\"http:\/\/www.daserste.de\/information\/reportage-dokumentation\/dokus\/videos\/07_in-god-we-trust_the-cleaners_mit-deutschen-uts-100.html\" target=\"_blank\" rel=\"noopener\">Extra: The Cleaners \u2013 In God we trust<\/a><\/div>\n<\/div>\n<div class=\"rightMedia\">\n<div class=\"symbol\"><a href=\"http:\/\/www.daserste.de\/information\/reportage-dokumentation\/dokus\/videos\/05_mit-nur-einem-fehler_the-cleaners_mit-deutschen-uts-100.html\" target=\"_blank\" rel=\"noopener\"><img decoding=\"async\" src=\"https:\/\/presse.daserste.de\/img\/icons\/video.gif\" alt=\"Video\" \/><\/a><\/div>\n<div class=\"text\"><a href=\"http:\/\/www.daserste.de\/information\/reportage-dokumentation\/dokus\/videos\/05_mit-nur-einem-fehler_the-cleaners_mit-deutschen-uts-100.html\" target=\"_blank\" rel=\"noopener\">Extra: The Cleaners \u2013 Nur ein Fehler<\/a><\/div>\n<\/div>\n<div class=\"leftMedia\">\n<div class=\"symbol\"><a href=\"http:\/\/www.daserste.de\/information\/reportage-dokumentation\/dokus\/videos\/xl-vorschau-im-schatten-der-netzwelt-the-cleaners-video-100.html\" target=\"_blank\" rel=\"noopener\"><img decoding=\"async\" src=\"https:\/\/presse.daserste.de\/img\/icons\/video.gif\" alt=\"Video\" \/><\/a><\/div>\n<div class=\"text\"><a href=\"http:\/\/www.daserste.de\/information\/reportage-dokumentation\/dokus\/videos\/xl-vorschau-im-schatten-der-netzwelt-the-cleaners-video-100.html\" target=\"_blank\" rel=\"noopener\">XL-Vorschau: The Cleaners \u2013 Im Schatten der Netzwelt<\/a><\/div>\n<\/div>\n<div class=\"rightMedia\">\n<div class=\"symbol\"><a href=\"http:\/\/www.daserste.de\/information\/reportage-dokumentation\/dokus\/videos\/trailer-im-schatten-der-netzwelt-the-cleaners-video-100.html\" target=\"_blank\" rel=\"noopener\"><img decoding=\"async\" src=\"https:\/\/presse.daserste.de\/img\/icons\/video.gif\" alt=\"Video\" \/><\/a><\/div>\n<div class=\"text\"><a href=\"http:\/\/www.daserste.de\/information\/reportage-dokumentation\/dokus\/videos\/trailer-im-schatten-der-netzwelt-the-cleaners-video-100.html\" target=\"_blank\" rel=\"noopener\">Vorschau auf &#8222;Im Schatten der Netzwelt &#8211; The Cleaners&#8220;<\/a><\/div>\n<\/div>\n<form id=\"aspnetForm\" action=\"detail.aspx?id=973A8BD721433AD9&amp;isArchiv=D8D982FC9E267E2E&amp;Volltext=&amp;sopt=D8D982FC9E267E2E\" method=\"post\" name=\"aspnetForm\">\n<div id=\"ctl00_ctl00_updPnlContent\">\n<div id=\"PageContentContainer\">\n<div id=\"PageContent\">\n<div id=\"PageContentTable\" style=\"text-align: justify;\"><\/div>\n<\/div>\n<\/div>\n<\/div>\n<\/form>\n","protected":false},"excerpt":{"rendered":"<p>Die Filmemacher Moritz Riesewieck und Hans Block enth\u00fcllen in ihrem Deb\u00fctfilm die Schattenseiten der sozialen Medien und der m\u00e4chtigen Konzerne,<\/p>\n","protected":false},"author":2,"featured_media":56135,"comment_status":"open","ping_status":"closed","sticky":false,"template":"","format":"standard","meta":{"_FSMCFIC_featured_image_caption":"","_FSMCFIC_featured_image_nocaption":"","_FSMCFIC_featured_image_hide":""},"categories":[33,128],"tags":[60],"acf":[],"_links":{"self":[{"href":"https:\/\/smago.de\/ws2\/wp-json\/wp\/v2\/posts\/56134"}],"collection":[{"href":"https:\/\/smago.de\/ws2\/wp-json\/wp\/v2\/posts"}],"about":[{"href":"https:\/\/smago.de\/ws2\/wp-json\/wp\/v2\/types\/post"}],"author":[{"embeddable":true,"href":"https:\/\/smago.de\/ws2\/wp-json\/wp\/v2\/users\/2"}],"replies":[{"embeddable":true,"href":"https:\/\/smago.de\/ws2\/wp-json\/wp\/v2\/comments?post=56134"}],"version-history":[{"count":1,"href":"https:\/\/smago.de\/ws2\/wp-json\/wp\/v2\/posts\/56134\/revisions"}],"predecessor-version":[{"id":56136,"href":"https:\/\/smago.de\/ws2\/wp-json\/wp\/v2\/posts\/56134\/revisions\/56136"}],"wp:featuredmedia":[{"embeddable":true,"href":"https:\/\/smago.de\/ws2\/wp-json\/wp\/v2\/media\/56135"}],"wp:attachment":[{"href":"https:\/\/smago.de\/ws2\/wp-json\/wp\/v2\/media?parent=56134"}],"wp:term":[{"taxonomy":"category","embeddable":true,"href":"https:\/\/smago.de\/ws2\/wp-json\/wp\/v2\/categories?post=56134"},{"taxonomy":"post_tag","embeddable":true,"href":"https:\/\/smago.de\/ws2\/wp-json\/wp\/v2\/tags?post=56134"}],"curies":[{"name":"wp","href":"https:\/\/api.w.org\/{rel}","templated":true}]}}