{"id":56067,"date":"2018-09-10T20:05:10","date_gmt":"2018-09-10T18:05:10","guid":{"rendered":"https:\/\/smago.de\/?p=56067"},"modified":"2018-09-10T20:05:10","modified_gmt":"2018-09-10T18:05:10","slug":"daniel-kaiser-kueblboeck-vormals-daniel-kueblboecksuche-nach-daniel-kaiser-kueblboeck-eingestellt","status":"publish","type":"post","link":"https:\/\/smago.de\/ws2\/pop\/daniel-kaiser-kueblboeck-vormals-daniel-kueblboecksuche-nach-daniel-kaiser-kueblboeck-eingestellt\/","title":{"rendered":"DANIEL KAISER-K\u00dcBLB\u00d6CK ((vormals: DANIEL K\u00dcBLB\u00d6CK))<br>Suche nach Daniel Kaiser-K\u00fcblb\u00f6ck eingestellt!"},"content":{"rendered":"<p style=\"text-align: justify;\">Lesen Sie HIER ein aktuelles Pressestatement &#8230;:<br \/>\n<!-more-><\/p>\n<div id=\"main-footer-wrap\" class=\"desktopStyle aidaStyle\">\n<div id=\"main_content\" role=\"main\">\n<section id=\"content\" class=\"content\">\n<div class=\"fce-teiler fce-teiler2 teiler66-33 clearfix\">\n<div class=\"teiler2-1 \">\n<div class=\"news news-detail\">\n<p style=\"text-align: justify;\"><em>Die Suche im Seegebiet vor der kanadischen K\u00fcste nach einer vermissten Person dauert weiter an. Zwei Schiffe der Canadian Coast Guard, die speziell f\u00fcr Rettungseins\u00e4tze ausger\u00fcstet sind, waren am Nachmittag lokaler Zeit vor Ort eingetroffen und haben die weitere Koordination der Suche \u00fcbernommen, an der ein Hubschrauber und ein Aufkl\u00e4rungsflugzeug sowie neben AIDAluna ein weiteres Kreuzfahrtschiff, die MS Zuiderdam, beteiligt waren. Die Suche blieb bislang erfolglos.<\/em><\/p>\n<p><em>Nach Anbruch der Dunkelheit wurden die Kreuzfahrtschiffe von der Canadian Coast Guard aus der Suchaktion entbunden.<br \/>\n<\/em><br \/>\n<em>AIDAluna befindet sich jetzt auf dem Weg nach Halifax. <\/em><\/p>\n<p><em>In dieser schwierigen Zeit sind wir mit unseren Gedanken bei der Familie des Vermissten. Das AIDA Care Team ist in engem Austausch mit den Angeh\u00f6rigen, um ihnen in allen Fragen zur Seite zu stehen. <\/em><\/p>\n<p><em>AIDA kooperiert vollumf\u00e4nglich mit den Beh\u00f6rden und hat seine uneingeschr\u00e4nkte Zusammenarbeit f\u00fcr die laufenden Ermittlungen zugesichert. <\/em><\/p>\n<p><em>Zum Hintergrund: In den fr\u00fchen Morgenstunden des 9. September 2018 (Ortszeit) war eine Person \u00fcber Bord von AIDAluna gesprungen. Bei der vermissten Person handelt es sich um Daniel Kaiser-K\u00fcblb\u00f6ck. Der Kapit\u00e4n und die Crew von AIDAluna hatten umgehend und in enger Abstimmung mit den \u00f6rtlichen zust\u00e4ndigen Beh\u00f6rden alle erforderlichen Rettungsma\u00dfnahmen eingeleitet.<\/em><\/p>\n<\/div>\n<\/div>\n<\/div>\n<\/section>\n<\/div>\n<\/div>\n","protected":false},"excerpt":{"rendered":"<p>Lesen Sie HIER ein aktuelles Pressestatement &#8230;: Die Suche im Seegebiet vor der kanadischen K\u00fcste nach einer vermissten Person dauert<\/p>\n","protected":false},"author":2,"featured_media":55976,"comment_status":"open","ping_status":"closed","sticky":false,"template":"","format":"standard","meta":{"_FSMCFIC_featured_image_caption":"","_FSMCFIC_featured_image_nocaption":"","_FSMCFIC_featured_image_hide":""},"categories":[27,39],"tags":[500],"acf":[],"_links":{"self":[{"href":"https:\/\/smago.de\/ws2\/wp-json\/wp\/v2\/posts\/56067"}],"collection":[{"href":"https:\/\/smago.de\/ws2\/wp-json\/wp\/v2\/posts"}],"about":[{"href":"https:\/\/smago.de\/ws2\/wp-json\/wp\/v2\/types\/post"}],"author":[{"embeddable":true,"href":"https:\/\/smago.de\/ws2\/wp-json\/wp\/v2\/users\/2"}],"replies":[{"embeddable":true,"href":"https:\/\/smago.de\/ws2\/wp-json\/wp\/v2\/comments?post=56067"}],"version-history":[{"count":1,"href":"https:\/\/smago.de\/ws2\/wp-json\/wp\/v2\/posts\/56067\/revisions"}],"predecessor-version":[{"id":56068,"href":"https:\/\/smago.de\/ws2\/wp-json\/wp\/v2\/posts\/56067\/revisions\/56068"}],"wp:featuredmedia":[{"embeddable":true,"href":"https:\/\/smago.de\/ws2\/wp-json\/wp\/v2\/media\/55976"}],"wp:attachment":[{"href":"https:\/\/smago.de\/ws2\/wp-json\/wp\/v2\/media?parent=56067"}],"wp:term":[{"taxonomy":"category","embeddable":true,"href":"https:\/\/smago.de\/ws2\/wp-json\/wp\/v2\/categories?post=56067"},{"taxonomy":"post_tag","embeddable":true,"href":"https:\/\/smago.de\/ws2\/wp-json\/wp\/v2\/tags?post=56067"}],"curies":[{"name":"wp","href":"https:\/\/api.w.org\/{rel}","templated":true}]}}