{"id":56047,"date":"2018-09-10T12:52:26","date_gmt":"2018-09-10T10:52:26","guid":{"rendered":"https:\/\/smago.de\/?p=56047"},"modified":"2018-09-10T21:50:50","modified_gmt":"2018-09-10T19:50:50","slug":"daniel-kaiser-kueblboeck-vormals-daniel-kueblboeckerklaerung-der-eti-schauspielschule-berlin","status":"publish","type":"post","link":"https:\/\/smago.de\/ws2\/smago-informiert\/daniel-kaiser-kueblboeck-vormals-daniel-kueblboeckerklaerung-der-eti-schauspielschule-berlin\/","title":{"rendered":"DANIEL KAISER-K\u00dcBLB\u00d6CK ((vormals: DANIEL K\u00dcBLB\u00d6CK))<br>Erkl\u00e4rung der ETI Schauspielschule Berlin!"},"content":{"rendered":"<p>Wurde Daniel K\u00fcblb\u00f6ck von seinen Schauspielkollegen &#8222;zu Tode gemobbt&#8220; &#8230;?<br \/>\n<!-more-><\/p>\n<p>&nbsp;<\/p>\n<div id=\"main\">\n<div id=\"content\">\n<div id=\"overview\">\n<div class=\"entry\">\n<div class=\"article\">\n<h1><strong>\u00a0<\/strong><\/h1>\n<p style=\"text-align: justify;\"><em>&#8222;Wir sind zutiefst best\u00fcrzt und geschockt \u00fcber das Verschwinden unseres Sch\u00fclers Daniel Kaiser-K\u00fcblb\u00f6ck.<\/em><\/p>\n<p style=\"text-align: justify;\"><em>Die ETI Schauspielschule Berlin m\u00f6chte zum Schutz der Privatsph\u00e4re von Daniel zum jetzigen Zeitpunkt keine Aussagen zu den im Internet kusierenden Ger\u00fcchten t\u00e4tigen.<\/em><\/p>\n<p style=\"text-align: justify;\"><em>Die Behauptung \u00fcber Mobbing an unserer Schule weisen wir strikt zur\u00fcck.<\/em><\/p>\n<p style=\"text-align: justify;\"><em>Unsere Gedanken sind bei seiner Familie, seinen Freunden und Fans.&#8220;<\/em><\/p>\n<p style=\"text-align: justify;\">\nK\u00fcblb\u00f6ck soll Anfang August 2018 auf seiner Facebook-Seite u. a. geschrieben haben:<em> &#8222;Ich muss diesen Schmerz der letzten Monate erst noch verkraften. Dieses monatelange Mobben an meiner Schule in meiner Klasse hat mich doch zutiefst in meiner Seele ersch\u00fcttert. Ich musste Wochen mit hohen Hacken \u00fcber Steine laufen, dann wurde mir meine B\u00fchnengarderobe zerschnitten und mir wurde Sabotage unterstellt, da jemand Wasser \u00fcber die Technik gesch\u00fcttet hat. Ich meine, ich bin seit Jahren im Showgesch\u00e4ft, und so etwas habe ich doch gar nicht n\u00f6tig. Aber am schlimmsten fand ich, dass unsere Dozentin nicht eingegriffen hat. Sie hat das alles stillschweigend hingenommen.&#8220;<\/p>\n<p><\/em>In einem anderen Facebook-Posting zeigte er sich auch nicht vers\u00f6hnlicher: <em>\u201eAm Ende w\u00e4re ich sogar mit meinem verstauchten Fu\u00df aufgetreten und dann wurde mir von der Schulleitung die Teilnahme an unserer Endauff\u00fchrung verweigert. Ich habe den ganzen Sommer ein halbes Buch auswendig lernen m\u00fcssen, und dann so ein Hammerschlag. Diese Gesamtsituation macht mich einfach nur fertig. (&#8230;)\u201c <\/em><\/p>\n<div id=\"outerWrapper\">\n<div id=\"innerWrapper\" class=\"fixed\">\n<div class=\"faux\">\n<div class=\"content s12 articlemdot \"><\/div>\n<\/div>\n<\/div>\n<\/div>\n<\/div>\n<\/div>\n<\/div>\n<\/div>\n<\/div>\n<p>&nbsp;<\/p>\n<p style=\"text-align: justify;\"><strong>HINWEIS:<\/strong> Zur Stunde hat man Daniel K\u00fcblb\u00f6ck noch immer nicht gefunden. NUR: Die Hoffnung, dass man den S\u00e4nger und Entertainer vielleicht doch noch lebend findet, ist mehr als unwahrscheinlich.<\/p>\n","protected":false},"excerpt":{"rendered":"<p>Wurde Daniel K\u00fcblb\u00f6ck von seinen Schauspielkollegen &#8222;zu Tode gemobbt&#8220; &#8230;? &nbsp; \u00a0 &#8222;Wir sind zutiefst best\u00fcrzt und geschockt \u00fcber das<\/p>\n","protected":false},"author":2,"featured_media":55976,"comment_status":"open","ping_status":"closed","sticky":false,"template":"","format":"standard","meta":{"_FSMCFIC_featured_image_caption":"","_FSMCFIC_featured_image_nocaption":"","_FSMCFIC_featured_image_hide":""},"categories":[33,39],"tags":[500],"acf":[],"_links":{"self":[{"href":"https:\/\/smago.de\/ws2\/wp-json\/wp\/v2\/posts\/56047"}],"collection":[{"href":"https:\/\/smago.de\/ws2\/wp-json\/wp\/v2\/posts"}],"about":[{"href":"https:\/\/smago.de\/ws2\/wp-json\/wp\/v2\/types\/post"}],"author":[{"embeddable":true,"href":"https:\/\/smago.de\/ws2\/wp-json\/wp\/v2\/users\/2"}],"replies":[{"embeddable":true,"href":"https:\/\/smago.de\/ws2\/wp-json\/wp\/v2\/comments?post=56047"}],"version-history":[{"count":4,"href":"https:\/\/smago.de\/ws2\/wp-json\/wp\/v2\/posts\/56047\/revisions"}],"predecessor-version":[{"id":56107,"href":"https:\/\/smago.de\/ws2\/wp-json\/wp\/v2\/posts\/56047\/revisions\/56107"}],"wp:featuredmedia":[{"embeddable":true,"href":"https:\/\/smago.de\/ws2\/wp-json\/wp\/v2\/media\/55976"}],"wp:attachment":[{"href":"https:\/\/smago.de\/ws2\/wp-json\/wp\/v2\/media?parent=56047"}],"wp:term":[{"taxonomy":"category","embeddable":true,"href":"https:\/\/smago.de\/ws2\/wp-json\/wp\/v2\/categories?post=56047"},{"taxonomy":"post_tag","embeddable":true,"href":"https:\/\/smago.de\/ws2\/wp-json\/wp\/v2\/tags?post=56047"}],"curies":[{"name":"wp","href":"https:\/\/api.w.org\/{rel}","templated":true}]}}