{"id":55834,"date":"2018-09-07T00:00:32","date_gmt":"2018-09-06T22:00:32","guid":{"rendered":"https:\/\/smago.de\/?p=55834"},"modified":"2018-09-06T18:58:56","modified_gmt":"2018-09-06T16:58:56","slug":"guenther-jauch-thomas-gottschalk-barbara-schoenebergerendlich-damenwahl","status":"publish","type":"post","link":"https:\/\/smago.de\/ws2\/smago-informiert\/guenther-jauch-thomas-gottschalk-barbara-schoenebergerendlich-damenwahl\/","title":{"rendered":"G\u00dcNTHER JAUCH &#8211; THOMAS GOTTSCHALK &#8211; BARBARA SCH\u00d6NEBERGER<br>Endlich Damenwahl!"},"content":{"rendered":"<div class=\"wrap\">\n<div class=\"container content leftpush\">\n<div class=\"contentwrap ohneheader\">\n<div id=\"pressemitteilungDetail\" class=\"row\">\n<div class=\"col-md-8 col-md-offset-2\">\n<div class=\"row\">\n<div class=\"col-md-12\">\n<div class=\"pressemitteilung\">\n<div class=\"headlines\" style=\"text-align: justify;\"><span class=\"topheader\">Barbara Sch\u00f6neberger muss heute (07.09.2018) zum ersten Mal die Moderation \u00fcbernehmen &#8230; \/\/ &#8222;Denn sie wissen nicht, was passiert &#8211; Die Jauch-Gottschalk-Sch\u00f6neberger-Show&#8220; \/\/ RTL, 20:15 Uhr &#8211; 00:00 Uhr!<\/p>\n<p><\/span><\/div>\n<\/div>\n<\/div>\n<\/div>\n<\/div>\n<\/div>\n<\/div>\n<\/div>\n<\/div>\n<p style=\"text-align: justify;\"><!-more-><\/p>\n<p style=\"text-align: justify;\">\n<p style=\"text-align: justify;\">\n<div class=\"wrap stickysubnav\">\n<div class=\"container content leftpush\">\n<div class=\"contentwrap ohneheader\">\n<div id=\"pressemitteilungDetail\" class=\"row\">\n<div class=\"col-md-8 col-md-offset-2\">\n<div class=\"row\">\n<div class=\"col-md-12\">\n<div class=\"pressemitteilung\">\n<div class=\"row\">\n<div class=\"col-lg-9 col-md-8 col-sm-9 col-xs-12\">\n<div class=\"text\" style=\"text-align: justify;\">\n<p>Zum ersten Mal muss Barbara Sch\u00f6neberger am Freitag, 7. September 2018, 20.15 Uhr, bei\u00a0&#8222;Denn sie wissen nicht, was passiert! Die Jauch-Gottschalk-Sch\u00f6neberger-Show&#8220; die Rolle der Moderatorin \u00fcbernehmen. F\u00fcr die ahnungslosen Promi-Teams gilt es u.a. ihre Reaktionsschnelligkeit unter Beweis zu stellen, mit vollem K\u00f6rpereinsatz einen zweibeinigen Tisch mit Wackelpudding einzudecken, Socken in einer laufenden W\u00e4schetrommel zu z\u00e4hlen und sich im Orangenweitwurf zu behaupten.<\/p>\n<\/div>\n<div class=\"text\">\n<p style=\"text-align: justify;\">Barbara Sch\u00f6neberger hat in der vierten Show erstmals den Hut auf und muss als Moderatorin durch die Sendung f\u00fchren. G\u00fcnther Jauch und Thomas Gottschalk treten als Team gegen das schweizerisch-italienische Model, S\u00e4ngerin und Moderatorin Michelle Hunziker sowie den Tatort- und Kinostar Wotan Wilke M\u00f6hring an.<\/p>\n<p style=\"text-align: justify;\">Michelle Hunziker: &#8222;Ich bin tendenziell wie Thomas Gottschalk und rocke das Ding mit meiner Spontanit\u00e4t. Wenn man es sich leisten kann, spontan zu sein, dann ist das super. Das Sch\u00f6ne an diesem Format ist, dass es so etwas sonst nicht gibt. Es wird oft gesagt, dass die Leute weder vorbereitet sind, noch geprobt haben. Aber eigentlich bereitet man sich sonst im Fernsehen immer sehr viel vor. Deshalb ist diese Show wirklich originell.&#8220;<\/p>\n<p style=\"text-align: justify;\">Wotan Wilke M\u00f6hring: &#8222;Bei Wissensfragen haben wir gegen G\u00fcnther Jauch nicht so gute Karten, aber vielleicht kann ich das bei Spielen im physischen Bereich wieder aufholen.&#8220;<\/p>\n<p style=\"text-align: justify;\">Auch in der vierten Folge m\u00fcssen die drei Showgiganten wieder viel Spontaneit\u00e4t und Improvisationstalent beweisen: Barbara Sch\u00f6neberger, G\u00fcnther Jauch und Thomas Gottschalk wissen zu Beginn der Show weder, wer von ihnen den Abend moderieren, noch, wer als Team spielen wird, geschweige denn, gegen welche prominenten Kandidaten sie antreten werden.<\/p>\n<p style=\"text-align: justify;\">Barbara Sch\u00f6neberger: &#8222;Ich wei\u00df nicht, was passiert. Aber ich k\u00f6nnte ewig so weitermachen. Ich bin bereit, aber ehrlich gesagt bin ich immer bereit \u2026 Wir werden wieder reingehen, wie drei Schafe da stehen und darauf warten, was man mit uns macht und f\u00fcr was uns der Abend vorgesehen hat.&#8220;<\/p>\n<p style=\"text-align: justify;\">G\u00fcnther Jauch: &#8222;Ich k\u00f6nnte die Sendung jede Woche machen, solange ich nicht jede zweite Woche als Moderator ausgew\u00e4hlt werde. Barbara Sch\u00f6neberger denkt, sie k\u00f6nnte sich aus der Nummer v\u00f6llig raushalten, aber wir brauchen jetzt auch mal eine moderative Abwechslung.&#8220;<\/p>\n<p style=\"text-align: justify;\">Thomas Gottschalk: &#8222;Die Show ist eine neue Situation, auch f\u00fcr einen selbst. Allein die Tatsache, in Situationen zu kommen, die der Zuschauer nicht kennt und die man selbst nicht kennt, macht die Sache sehr unterhaltsam.&#8220;<\/p>\n<p style=\"text-align: justify;\">Die Entscheidung in Deutschlands erster Show, bei der vorher nicht feststeht, wer sie moderiert, f\u00e4llt zu Beginn einer jeden Sendung: Der &#8222;sprechende Hut&#8220; gibt bekannt, wer v\u00f6llig unvorbereitet moderieren und improvisieren muss.<\/p>\n<p style=\"text-align: justify;\">Welche Aufgaben m\u00fcssen die Teams diesmal bew\u00e4ltigen? Wer startet voll durch? Jedes Team spielt stellvertretend f\u00fcr einen Publikumskandidaten, der 50.000 \u20ac Siegpr\u00e4mie gewinnen kann. Schiedsrichter und Spielleiter ist Thorsten Schorn.<\/p>\n<\/div>\n<\/div>\n<\/div>\n<\/div>\n<\/div>\n<\/div>\n<\/div>\n<\/div>\n<\/div>\n<\/div>\n<\/div>\n","protected":false},"excerpt":{"rendered":"<p>Barbara Sch\u00f6neberger muss heute (07.09.2018) zum ersten Mal die Moderation \u00fcbernehmen &#8230; \/\/ &#8222;Denn sie wissen nicht, was passiert &#8211;<\/p>\n","protected":false},"author":2,"featured_media":55835,"comment_status":"open","ping_status":"closed","sticky":false,"template":"","format":"standard","meta":{"_FSMCFIC_featured_image_caption":"","_FSMCFIC_featured_image_nocaption":"","_FSMCFIC_featured_image_hide":""},"categories":[33],"tags":[236,417,247],"acf":[],"_links":{"self":[{"href":"https:\/\/smago.de\/ws2\/wp-json\/wp\/v2\/posts\/55834"}],"collection":[{"href":"https:\/\/smago.de\/ws2\/wp-json\/wp\/v2\/posts"}],"about":[{"href":"https:\/\/smago.de\/ws2\/wp-json\/wp\/v2\/types\/post"}],"author":[{"embeddable":true,"href":"https:\/\/smago.de\/ws2\/wp-json\/wp\/v2\/users\/2"}],"replies":[{"embeddable":true,"href":"https:\/\/smago.de\/ws2\/wp-json\/wp\/v2\/comments?post=55834"}],"version-history":[{"count":1,"href":"https:\/\/smago.de\/ws2\/wp-json\/wp\/v2\/posts\/55834\/revisions"}],"predecessor-version":[{"id":55836,"href":"https:\/\/smago.de\/ws2\/wp-json\/wp\/v2\/posts\/55834\/revisions\/55836"}],"wp:featuredmedia":[{"embeddable":true,"href":"https:\/\/smago.de\/ws2\/wp-json\/wp\/v2\/media\/55835"}],"wp:attachment":[{"href":"https:\/\/smago.de\/ws2\/wp-json\/wp\/v2\/media?parent=55834"}],"wp:term":[{"taxonomy":"category","embeddable":true,"href":"https:\/\/smago.de\/ws2\/wp-json\/wp\/v2\/categories?post=55834"},{"taxonomy":"post_tag","embeddable":true,"href":"https:\/\/smago.de\/ws2\/wp-json\/wp\/v2\/tags?post=55834"}],"curies":[{"name":"wp","href":"https:\/\/api.w.org\/{rel}","templated":true}]}}