{"id":55688,"date":"2018-09-04T00:00:33","date_gmt":"2018-09-03T22:00:33","guid":{"rendered":"https:\/\/smago.de\/?p=55688"},"modified":"2018-09-03T16:17:53","modified_gmt":"2018-09-03T14:17:53","slug":"christian-anders","status":"publish","type":"post","link":"https:\/\/smago.de\/ws2\/schlager\/christian-anders\/","title":{"rendered":"CHRISTIAN ANDERS vs. MANFRED KN\u00d6PKE<br>Christian Anders giftet zur\u00fcck!"},"content":{"rendered":"<p>Manfred Kn\u00f6pke (Sekretariat Gaby Baginsky) hatte dem S\u00e4nger via <em>smago!<\/em> die Leviten gelesen! Lesen Sie HIER die Antwort von Christian Anders &#8230;:<br \/>\n<!-more-><\/p>\n<p>&nbsp;<\/p>\n<p>&nbsp;<\/p>\n<p style=\"text-align: justify;\"><em>Ja, Herr Kn\u00f6pke! 51 Jahre mit Dieter Thomas Heck sind nicht nur fast 60 Jahre sondern gef\u00fchlte 100 Jahre!<\/em><\/p>\n<p style=\"text-align: justify;\"><em>AUSSERDEM Herr Kn\u00f6pke, ist Christian Anders kein &#8222;selbsternannter Schlagergott&#8220;, sondern ANDERE nennen ihn so. Eine Auszeichnung die ihren K\u00fcnstlern nie zuteil werden wird!<\/p>\n<p>smago! <\/em>meint: Es w\u00e4re ja auch komisch, wenn man Gaby Baginsky als &#8222;Schlagergott&#8220; bezeichnen w\u00fcrde &#8230;F\u00fcr viele ihrer Fans ist sie zudem seit nunmehr fast f\u00fcnfzig Jahren eine Art Schlagerg\u00f6ttin &#8230;<em><br \/>\n<\/em><\/p>\n<p>&nbsp;<\/p>\n<figure id=\"attachment_55321\" aria-describedby=\"caption-attachment-55321\" style=\"width: 200px\" class=\"wp-caption alignnone\"><img decoding=\"async\" loading=\"lazy\" class=\"size-full wp-image-55321\" src=\"https:\/\/online.smago.de\/ws2\/wp-content\/uploads\/2018\/08\/knoepke.jpg\" alt=\"\" width=\"200\" height=\"200\" srcset=\"https:\/\/smago.de\/ws2\/wp-content\/uploads\/2018\/08\/knoepke.jpg 200w, https:\/\/smago.de\/ws2\/wp-content\/uploads\/2018\/08\/knoepke-150x150.jpg 150w, https:\/\/smago.de\/ws2\/wp-content\/uploads\/2018\/08\/knoepke-190x190.jpg 190w\" sizes=\"(max-width: 200px) 100vw, 200px\" \/><figcaption id=\"caption-attachment-55321\" class=\"wp-caption-text\">Manfred Kn\u00f6pke<\/figcaption><\/figure>\n","protected":false},"excerpt":{"rendered":"<p>Manfred Kn\u00f6pke (Sekretariat Gaby Baginsky) hatte dem S\u00e4nger via smago! die Leviten gelesen! Lesen Sie HIER die Antwort von Christian<\/p>\n","protected":false},"author":2,"featured_media":55629,"comment_status":"open","ping_status":"closed","sticky":false,"template":"","format":"standard","meta":{"_FSMCFIC_featured_image_caption":"","_FSMCFIC_featured_image_nocaption":"","_FSMCFIC_featured_image_hide":""},"categories":[29,39],"tags":[164,478],"acf":[],"_links":{"self":[{"href":"https:\/\/smago.de\/ws2\/wp-json\/wp\/v2\/posts\/55688"}],"collection":[{"href":"https:\/\/smago.de\/ws2\/wp-json\/wp\/v2\/posts"}],"about":[{"href":"https:\/\/smago.de\/ws2\/wp-json\/wp\/v2\/types\/post"}],"author":[{"embeddable":true,"href":"https:\/\/smago.de\/ws2\/wp-json\/wp\/v2\/users\/2"}],"replies":[{"embeddable":true,"href":"https:\/\/smago.de\/ws2\/wp-json\/wp\/v2\/comments?post=55688"}],"version-history":[{"count":3,"href":"https:\/\/smago.de\/ws2\/wp-json\/wp\/v2\/posts\/55688\/revisions"}],"predecessor-version":[{"id":55703,"href":"https:\/\/smago.de\/ws2\/wp-json\/wp\/v2\/posts\/55688\/revisions\/55703"}],"wp:featuredmedia":[{"embeddable":true,"href":"https:\/\/smago.de\/ws2\/wp-json\/wp\/v2\/media\/55629"}],"wp:attachment":[{"href":"https:\/\/smago.de\/ws2\/wp-json\/wp\/v2\/media?parent=55688"}],"wp:term":[{"taxonomy":"category","embeddable":true,"href":"https:\/\/smago.de\/ws2\/wp-json\/wp\/v2\/categories?post=55688"},{"taxonomy":"post_tag","embeddable":true,"href":"https:\/\/smago.de\/ws2\/wp-json\/wp\/v2\/tags?post=55688"}],"curies":[{"name":"wp","href":"https:\/\/api.w.org\/{rel}","templated":true}]}}