{"id":55411,"date":"2018-08-29T19:13:07","date_gmt":"2018-08-29T17:13:07","guid":{"rendered":"https:\/\/smago.de\/?p=55411"},"modified":"2018-08-29T19:13:07","modified_gmt":"2018-08-29T17:13:07","slug":"roland-kaiserroland-kaiser-schliesst-langfristigen-vertrag-mit-sony-music-ab","status":"publish","type":"post","link":"https:\/\/smago.de\/ws2\/schlager\/roland-kaiserroland-kaiser-schliesst-langfristigen-vertrag-mit-sony-music-ab\/","title":{"rendered":"ROLAND KAISER<br>Roland Kaiser schlie\u00dft langfristigen Vertrag mit Sony Music ab!"},"content":{"rendered":"<p style=\"text-align: justify;\">Roland Kaiser weiter &#8222;Haut an Haut&#8220; bzw. Seite an Seite mit RCA &#8230;:<\/p>\n<p><!-more-><\/p>\n<p>&nbsp;<\/p>\n<p>&nbsp;<\/p>\n<p style=\"text-align: justify;\">Mit ihren Unterschriften setzten die Vertreter von Sony Music und ROLAND KAISER ein Abkommen \u00fcber eine au\u00dfergew\u00f6hnlich langfristige Zusammenarbeit in Kraft, die den Grandseigneur der deutschsprachigen Popularmusik auf eine Stufe mit Legenden wie Udo J\u00fcrgens oder Peter Maffay stellt. Die Vertragsverl\u00e4ngerung ist das konsequente Ergebnis aus der jahrelangen guten gemeinsamen Erfahrung und des daraus erwachsenen Vertrauens zwischen beiden Parteien.<\/p>\n<p style=\"text-align: justify;\">Die Unterzeichnung erfolgte im Rahmen der \u201eKaisermania 2018&#8243;, dem allj\u00e4hrlichen H\u00f6hepunkt des Kaiser&#8217;schen Konzertkalenders. Wie gewohnt waren auch diesmal alle vier Shows an den ersten beiden August-Wochenenden seit Monaten komplett ausverkauft.<\/p>\n<p style=\"text-align: justify;\">Roland Kaiser: <em>\u201eSeit mehr als 44 Jahren bin ich mit Sony eng verbunden und es macht mich gl\u00fccklich, meine musikalische Karriere mit einem starken und kreativen Partner wie RCA erfolgreich fortsetzen zu k\u00f6nnen. Es erf\u00fcllt mich mit besonderem Stolz, dass mir in unserer schnelllebigen Zeit mit dieser langfristigen vertraglichen Vereinbarung so viel Vertrauen von meinen Partnern RCA\/Sony entgegengebracht wird.\u201c<\/p>\n<p><\/em><\/p>\n<p style=\"text-align: justify;\">Patrick Mushatsi-Kareba, CEO Sony Music GSA: <em>\u201eWir sind stolz darauf, die Zusammenarbeit mit Roland Kaiser langfristig verl\u00e4ngert zu haben und seine l\u00e4ngst legend\u00e4re Karriere auf vielen weiteren Etappen begleiten zu d\u00fcrfen. Gleichzeitig freuen wir uns darauf, im Team mit einem integren, angenehmen Profi neue kreative und kommerzielle H\u00f6hen zu erreichen.\u201c<\/p>\n<p><\/em><\/p>\n<p style=\"text-align: justify;\">Markus Hartmann, VP Ariola &amp; RCA GSA: <em>\u201eRoland ist Teil deutscher Musikgeschichte. Seine Lieder, sein Lebenswerk geh\u00f6ren \u00fcber Generationen hinweg zum Sound des Landes. Roland Kaiser ist neben dem Popstar zudem ein Mensch, der als sich als B\u00fcrger immer stark macht f\u00fcr Solidarit\u00e4t in der Gesellschaft, f\u00fcr die Interessen der Schw\u00e4cheren und gegen Ausgrenzung. Es erf\u00fcllt uns mit Stolz, f\u00fcr die n\u00e4chste Etappe seiner unglaublichen Karriere Partner sein zu d\u00fcrfen.\u201c<\/em><\/p>\n","protected":false},"excerpt":{"rendered":"<p>Roland Kaiser weiter &#8222;Haut an Haut&#8220; bzw. Seite an Seite mit RCA &#8230;: &nbsp; &nbsp; Mit ihren Unterschriften setzten die<\/p>\n","protected":false},"author":2,"featured_media":55262,"comment_status":"open","ping_status":"closed","sticky":false,"template":"","format":"standard","meta":{"_FSMCFIC_featured_image_caption":"","_FSMCFIC_featured_image_nocaption":"","_FSMCFIC_featured_image_hide":""},"categories":[29],"tags":[207],"acf":[],"_links":{"self":[{"href":"https:\/\/smago.de\/ws2\/wp-json\/wp\/v2\/posts\/55411"}],"collection":[{"href":"https:\/\/smago.de\/ws2\/wp-json\/wp\/v2\/posts"}],"about":[{"href":"https:\/\/smago.de\/ws2\/wp-json\/wp\/v2\/types\/post"}],"author":[{"embeddable":true,"href":"https:\/\/smago.de\/ws2\/wp-json\/wp\/v2\/users\/2"}],"replies":[{"embeddable":true,"href":"https:\/\/smago.de\/ws2\/wp-json\/wp\/v2\/comments?post=55411"}],"version-history":[{"count":1,"href":"https:\/\/smago.de\/ws2\/wp-json\/wp\/v2\/posts\/55411\/revisions"}],"predecessor-version":[{"id":55412,"href":"https:\/\/smago.de\/ws2\/wp-json\/wp\/v2\/posts\/55411\/revisions\/55412"}],"wp:featuredmedia":[{"embeddable":true,"href":"https:\/\/smago.de\/ws2\/wp-json\/wp\/v2\/media\/55262"}],"wp:attachment":[{"href":"https:\/\/smago.de\/ws2\/wp-json\/wp\/v2\/media?parent=55411"}],"wp:term":[{"taxonomy":"category","embeddable":true,"href":"https:\/\/smago.de\/ws2\/wp-json\/wp\/v2\/categories?post=55411"},{"taxonomy":"post_tag","embeddable":true,"href":"https:\/\/smago.de\/ws2\/wp-json\/wp\/v2\/tags?post=55411"}],"curies":[{"name":"wp","href":"https:\/\/api.w.org\/{rel}","templated":true}]}}