{"id":55264,"date":"2018-08-27T00:00:09","date_gmt":"2018-08-26T22:00:09","guid":{"rendered":"https:\/\/smago.de\/?p=55264"},"modified":"2018-08-26T22:38:46","modified_gmt":"2018-08-26T20:38:46","slug":"sandrohocherfreulicher-start-seiner-zweiten-cd-rendezvous","status":"publish","type":"post","link":"https:\/\/smago.de\/ws2\/pop-schlager\/sandrohocherfreulicher-start-seiner-zweiten-cd-rendezvous\/","title":{"rendered":"SANDRO<br>Hocherfreulicher Start seiner zweiten CD &#8222;Rendezvous&#8220;!"},"content":{"rendered":"<p style=\"text-align: justify;\">Und das ganz ohne Fernsehen &#8211; das &#8222;Deutsche Musik Fernsehen&#8220; einmal ausgenommen!<br \/>\n<!-more-><\/p>\n<p>&nbsp;<\/p>\n<p>&nbsp;<\/p>\n<p style=\"text-align: justify;\">SANDRO, ein Spr\u00f6ssling von Fantasy-S\u00e4nger Fredi Malinowski alias Freddy M\u00e4rz, darf sich ein zweites Mal \u00fcber einen Direkt-Einstieg in die Top 10 der Offiziellen Deutschen Album Charts freuen.<\/p>\n<p style=\"text-align: justify;\">Nachdem er sich mit seiner Deb\u00fct-CD &#8222;Verliebt&#8220; aus dem Stand auf Platz 5 platzieren konnte, darf er sich mit seinem zweiten Album &#8222;Rendezvous&#8220; \u00fcber Rang 7 freuen.<\/p>\n<p>In den Offiziellen Deutschen Schlager Charts ist Sandro ein ausgezeichneter Direkt-Einstieg auf Position 2 gegl\u00fcckt.<\/p>\n","protected":false},"excerpt":{"rendered":"<p>Und das ganz ohne Fernsehen &#8211; das &#8222;Deutsche Musik Fernsehen&#8220; einmal ausgenommen! &nbsp; &nbsp; SANDRO, ein Spr\u00f6ssling von Fantasy-S\u00e4nger Fredi<\/p>\n","protected":false},"author":2,"featured_media":54793,"comment_status":"open","ping_status":"closed","sticky":false,"template":"","format":"standard","meta":{"_FSMCFIC_featured_image_caption":"","_FSMCFIC_featured_image_nocaption":"","_FSMCFIC_featured_image_hide":""},"categories":[28],"tags":[212],"acf":[],"_links":{"self":[{"href":"https:\/\/smago.de\/ws2\/wp-json\/wp\/v2\/posts\/55264"}],"collection":[{"href":"https:\/\/smago.de\/ws2\/wp-json\/wp\/v2\/posts"}],"about":[{"href":"https:\/\/smago.de\/ws2\/wp-json\/wp\/v2\/types\/post"}],"author":[{"embeddable":true,"href":"https:\/\/smago.de\/ws2\/wp-json\/wp\/v2\/users\/2"}],"replies":[{"embeddable":true,"href":"https:\/\/smago.de\/ws2\/wp-json\/wp\/v2\/comments?post=55264"}],"version-history":[{"count":2,"href":"https:\/\/smago.de\/ws2\/wp-json\/wp\/v2\/posts\/55264\/revisions"}],"predecessor-version":[{"id":55266,"href":"https:\/\/smago.de\/ws2\/wp-json\/wp\/v2\/posts\/55264\/revisions\/55266"}],"wp:featuredmedia":[{"embeddable":true,"href":"https:\/\/smago.de\/ws2\/wp-json\/wp\/v2\/media\/54793"}],"wp:attachment":[{"href":"https:\/\/smago.de\/ws2\/wp-json\/wp\/v2\/media?parent=55264"}],"wp:term":[{"taxonomy":"category","embeddable":true,"href":"https:\/\/smago.de\/ws2\/wp-json\/wp\/v2\/categories?post=55264"},{"taxonomy":"post_tag","embeddable":true,"href":"https:\/\/smago.de\/ws2\/wp-json\/wp\/v2\/tags?post=55264"}],"curies":[{"name":"wp","href":"https:\/\/api.w.org\/{rel}","templated":true}]}}