{"id":55255,"date":"2018-08-27T00:00:17","date_gmt":"2018-08-26T22:00:17","guid":{"rendered":"https:\/\/smago.de\/?p=55255"},"modified":"2018-08-26T22:34:18","modified_gmt":"2018-08-26T20:34:18","slug":"eloy-de-jongholt-sich-schlagerkoenig-eloy-im-oktober-2018-mit-kopf-aus-herz-an-die-1-zurueck","status":"publish","type":"post","link":"https:\/\/smago.de\/ws2\/pop-schlager\/eloy-de-jongholt-sich-schlagerkoenig-eloy-im-oktober-2018-mit-kopf-aus-herz-an-die-1-zurueck\/","title":{"rendered":"ELOY DE JONG<br>Holt sich Schlagerk\u00f6nig Eloy im Oktober 2018 mit &#8222;Kopf aus &#8211; Herz an&#8220; die #1 zur\u00fcck &#8230;?"},"content":{"rendered":"<p>Am 05.10.2018 jedenfalls erscheint sein Nr. 1-Album &#8222;Kopf aus &#8211; Herz an&#8220; als &#8222;Deluxe-Edition&#8220; und als &#8222;Fanbox&#8220;!<br \/>\n<!-more-><\/p>\n<p>&nbsp;<\/p>\n<p>&nbsp;<\/p>\n<p>&nbsp;<\/p>\n<p style=\"text-align: justify;\">In den 1990er-Jahren feierte ELOY DE JONG gro\u00dfe Erfolge als Teil der englisch-niederl\u00e4ndischen Boygroup Caught In The Act. Nach dem Ende der Band startet er seine Solokarriere. 2018 feiert er nun eine besondere Premiere: sein erstes deutschsprachiges Schlageralbum \u00bbKopf aus &#8211; Herz an\u00ab. Ein Album voller neues Lieder, ein facettenreicher Mix aus Popschlager und Rock, tanzbaren Hits und gef\u00fchlvollen Balladen. Neben der Standard-CD gibt es jetzt die Deluxe Edition mit noch mehr Titeln des neuen Schlagerstars! Dass Eloy de Jong ein gro\u00dfartiger S\u00e4nger ist, ist l\u00e4ngst kein Geheimnis mehr. Dass er auch im Schlager eine super Figur macht, hat er unter anderem mit diesem Album mehr als eindrucksvoll bewiesen!<\/p>\n<p style=\"text-align: justify;\">Nachdem &#8222;Kopf aus &#8211; Herz an&#8220; als &#8222;Deluxe Editon&#8220; (mit 6 zus\u00e4tzlichen Songs) sowie auch als &#8222;Fanbox&#8220; erscheint, k\u00f6nnte es durchaus m\u00f6glich sein, dass sich der frisch gekr\u00f6nte Schlagerk\u00f6nig Eloy die #1 in den Offiziellen Deutschen Album Charts zur\u00fcckholt.<\/p>\n<p>Die &#8222;Fanbox&#8220; wartet mit folgenden weiteren zus\u00e4tzlichen Accessoires auf: exklusive DVD, Christbaumkugel, Postkarte mit Musik sowie 3 Live-Fotos. Im Preis inkludiert ist selbstverst\u00e4ndlich auch die &#8222;Deluxe Editon&#8220; des Albums &#8222;Kopf aus &#8211; Herz an&#8220;.<\/p>\n<div id=\"main\">\n<div id=\"cnt\" class=\" mdm\">\n<div class=\"mw\">\n<div id=\"rcnt\">\n<div id=\"rhscol\" class=\"col\">\n<div id=\"rhs\">\n<div id=\"rhs_block\" class=\" rhstc5\">\n<div class=\"g rhsvw kno-kp mnr-c g-blk\" lang=\"de-DE\" data-hveid=\"CAsQAA\" data-ved=\"2ahUKEwjl2Njsx4vdAhXFAewKHTpDBNgQjh8oAHoECAsQAA\">\n<div class=\"kp-blk knowledge-panel Wnoohf OJXvsb\" data-hveid=\"CAsQAQ\" data-ved=\"2ahUKEwjl2Njsx4vdAhXFAewKHTpDBNgQww0oAHoECAsQAQ\">\n<div class=\"xpdopen\">\n<div class=\"ifM9O\">\n<div data-ved=\"2ahUKEwjl2Njsx4vdAhXFAewKHTpDBNgQ_xd6BAgLEAI\">\n<div class=\"kp-header\" data-ved=\"2ahUKEwjl2Njsx4vdAhXFAewKHTpDBNgQ3z4oAHoECAsQAw\">\n<div class=\"c94Vsf Y1mqLe kp-rgc\">\n<div class=\"DI6Ufb\">\n<div class=\"NFQFxe viOShc LKPcQc mod\" data-hveid=\"CAsQBA\" data-ved=\"2ahUKEwjl2Njsx4vdAhXFAewKHTpDBNgQhygwDnoECAsQBA\" data-md=\"16\">\n<div class=\"Ftghae VgfJld\">\n<div class=\"SPZz6b gsrt\" role=\"heading\" aria-level=\"3\">\n<div class=\"kno-ecr-pt kno-fb-ctx\" data-ved=\"2ahUKEwjl2Njsx4vdAhXFAewKHTpDBNgQ3B0oATAOegQICxAN\" data-local-attribute=\"d3bn\"><\/div>\n<\/div>\n<\/div>\n<\/div>\n<\/div>\n<\/div>\n<\/div>\n<\/div>\n<\/div>\n<\/div>\n<\/div>\n<\/div>\n<\/div>\n<\/div>\n<\/div>\n<\/div>\n<\/div>\n<\/div>\n<\/div>\n<p>&nbsp;<\/p>\n<p style=\"text-align: justify;\">Und das sind die 6 neuen Songs, die ab 05.10.2018 erh\u00e4ltlich sein werden &#8230;:<\/p>\n<p>&nbsp;<\/p>\n<p style=\"text-align: justify;\">* Weihnachtszeit (3:55)<br \/>\n* Egal was andere sagen (Akustik-Version) (3:43)<br \/>\n* An deiner Seite (Unplugged Version) (3:56)<br \/>\n* Liebe kann so weh tun (Remix) feat. Marianne Rosenberg (3:01)<br \/>\n* Schritt f\u00fcr Schritt (Remix) (4:05)<br \/>\n* Regenbogen (Remix) (4:03)<\/p>\n<p>&nbsp;<\/p>\n<p style=\"text-align: justify;\">PS: Vinyl-Freunde m\u00fcssen sich indes noch bis zum 30.11.2018 gedulden. Dann soll &#8222;Kopf aus &#8211; Herz an&#8220; auch als herk\u00f6mmliche &#8222;LP&#8220; ver\u00f6ffentlicht werden.<\/p>\n<p>&nbsp;<\/p>\n<p>&nbsp;<\/p>\n<p><img decoding=\"async\" loading=\"lazy\" class=\"alignnone size-full wp-image-55256\" src=\"https:\/\/online.smago.de\/ws2\/wp-content\/uploads\/2018\/08\/dejong_eloy-kopf-aus-herz-an-deluxe-edition.jpg\" alt=\"\" width=\"600\" height=\"600\" srcset=\"https:\/\/smago.de\/ws2\/wp-content\/uploads\/2018\/08\/dejong_eloy-kopf-aus-herz-an-deluxe-edition.jpg 600w, https:\/\/smago.de\/ws2\/wp-content\/uploads\/2018\/08\/dejong_eloy-kopf-aus-herz-an-deluxe-edition-290x290.jpg 290w, https:\/\/smago.de\/ws2\/wp-content\/uploads\/2018\/08\/dejong_eloy-kopf-aus-herz-an-deluxe-edition-150x150.jpg 150w, https:\/\/smago.de\/ws2\/wp-content\/uploads\/2018\/08\/dejong_eloy-kopf-aus-herz-an-deluxe-edition-300x300.jpg 300w, https:\/\/smago.de\/ws2\/wp-content\/uploads\/2018\/08\/dejong_eloy-kopf-aus-herz-an-deluxe-edition-522x522.jpg 522w, https:\/\/smago.de\/ws2\/wp-content\/uploads\/2018\/08\/dejong_eloy-kopf-aus-herz-an-deluxe-edition-190x190.jpg 190w, https:\/\/smago.de\/ws2\/wp-content\/uploads\/2018\/08\/dejong_eloy-kopf-aus-herz-an-deluxe-edition-445x445.jpg 445w\" sizes=\"(max-width: 600px) 100vw, 600px\" \/><\/p>\n<p>&nbsp;<\/p>\n<p>&nbsp;<\/p>\n<p><img decoding=\"async\" loading=\"lazy\" class=\"alignnone size-full wp-image-55257\" src=\"https:\/\/online.smago.de\/ws2\/wp-content\/uploads\/2018\/08\/dejong_eloy-kopf-aus-herz-an-fanbox-deluxe-edition.jpg\" alt=\"\" width=\"509\" height=\"600\" srcset=\"https:\/\/smago.de\/ws2\/wp-content\/uploads\/2018\/08\/dejong_eloy-kopf-aus-herz-an-fanbox-deluxe-edition.jpg 509w, https:\/\/smago.de\/ws2\/wp-content\/uploads\/2018\/08\/dejong_eloy-kopf-aus-herz-an-fanbox-deluxe-edition-255x300.jpg 255w, https:\/\/smago.de\/ws2\/wp-content\/uploads\/2018\/08\/dejong_eloy-kopf-aus-herz-an-fanbox-deluxe-edition-443x522.jpg 443w, https:\/\/smago.de\/ws2\/wp-content\/uploads\/2018\/08\/dejong_eloy-kopf-aus-herz-an-fanbox-deluxe-edition-161x190.jpg 161w, https:\/\/smago.de\/ws2\/wp-content\/uploads\/2018\/08\/dejong_eloy-kopf-aus-herz-an-fanbox-deluxe-edition-378x445.jpg 378w\" sizes=\"(max-width: 509px) 100vw, 509px\" \/><\/p>\n","protected":false},"excerpt":{"rendered":"<p>Am 05.10.2018 jedenfalls erscheint sein Nr. 1-Album &#8222;Kopf aus &#8211; Herz an&#8220; als &#8222;Deluxe-Edition&#8220; und als &#8222;Fanbox&#8220;! &nbsp; &nbsp; &nbsp;<\/p>\n","protected":false},"author":2,"featured_media":52612,"comment_status":"open","ping_status":"closed","sticky":false,"template":"","format":"standard","meta":{"_FSMCFIC_featured_image_caption":"","_FSMCFIC_featured_image_nocaption":"","_FSMCFIC_featured_image_hide":""},"categories":[28,39],"tags":[97],"acf":[],"_links":{"self":[{"href":"https:\/\/smago.de\/ws2\/wp-json\/wp\/v2\/posts\/55255"}],"collection":[{"href":"https:\/\/smago.de\/ws2\/wp-json\/wp\/v2\/posts"}],"about":[{"href":"https:\/\/smago.de\/ws2\/wp-json\/wp\/v2\/types\/post"}],"author":[{"embeddable":true,"href":"https:\/\/smago.de\/ws2\/wp-json\/wp\/v2\/users\/2"}],"replies":[{"embeddable":true,"href":"https:\/\/smago.de\/ws2\/wp-json\/wp\/v2\/comments?post=55255"}],"version-history":[{"count":3,"href":"https:\/\/smago.de\/ws2\/wp-json\/wp\/v2\/posts\/55255\/revisions"}],"predecessor-version":[{"id":55260,"href":"https:\/\/smago.de\/ws2\/wp-json\/wp\/v2\/posts\/55255\/revisions\/55260"}],"wp:featuredmedia":[{"embeddable":true,"href":"https:\/\/smago.de\/ws2\/wp-json\/wp\/v2\/media\/52612"}],"wp:attachment":[{"href":"https:\/\/smago.de\/ws2\/wp-json\/wp\/v2\/media?parent=55255"}],"wp:term":[{"taxonomy":"category","embeddable":true,"href":"https:\/\/smago.de\/ws2\/wp-json\/wp\/v2\/categories?post=55255"},{"taxonomy":"post_tag","embeddable":true,"href":"https:\/\/smago.de\/ws2\/wp-json\/wp\/v2\/tags?post=55255"}],"curies":[{"name":"wp","href":"https:\/\/api.w.org\/{rel}","templated":true}]}}