{"id":55224,"date":"2018-08-26T00:00:36","date_gmt":"2018-08-25T22:00:36","guid":{"rendered":"https:\/\/smago.de\/?p=55224"},"modified":"2018-08-25T21:28:55","modified_gmt":"2018-08-25T19:28:55","slug":"dorfrockerdie-dorfrocker-besinnen-sich-ihrer-wurzeln","status":"publish","type":"post","link":"https:\/\/smago.de\/ws2\/party-schlager\/dorfrockerdie-dorfrocker-besinnen-sich-ihrer-wurzeln\/","title":{"rendered":"DORFROCKER<br>Die Dorfrocker besinnen sich ihrer &#8222;Wurzeln&#8220;!"},"content":{"rendered":"<p>Sehen Sie HIER den Videoclip &#8230;:<br \/>\n<!-more-><\/p>\n<p>&nbsp;<\/p>\n<p>&nbsp;<\/p>\n<div id=\"main\" class=\"MainPage\">\n<div class=\"TextLayerIP\">\n<div class=\"text-layer-background\">\n<div class=\"Sizer NoButton text-layer-wrapper\">\n<div class=\"text-layer-container\">\n<div class=\"Text\" style=\"text-align: justify;\">\n<p>Wie es auch kommt, wo ich auch bin: Ich wei\u00df wo meine Wurzeln sind\u201c&#8230; die DORFROCKER melden sich zur\u00fcck &#8211; melodi\u00f6s, eing\u00e4ngig, hitverd\u00e4chtig!<\/p>\n<p>Die aktuelle Single \u201eWurzeln\u201c ist gleichzeitig Vorbote ihres neuen Albums \u201eHallo Alle Mann\u201c, das ab dem 7. September 2018 \u00fcberall erh\u00e4ltlich ist.<\/p>\n<p>Nach zuletzt zwei erfolgreichen Longplayern in den TOP10 der deutschen Album Charts und einer ECHO Nominierung 2017 legen die drei Br\u00fcder nun nach und zeigen, wie man im Jahr 2018 traditionelle Werte wie Heimat mit modernen Beats vereint.<\/p>\n<p>Bereits die Live-Premiere von \u201eWurzeln\u201c sorgte f\u00fcr \u00fcberw\u00e4ltigende Reaktionen und G\u00e4nsehaut-Atmosph\u00e4re, als die Dorfrocker den Song vor Tausenden Zuschauern im Handy-Lichtermeer beim Musikfestival in Kitzb\u00fchel erstmals performten.<\/p>\n<p>Der Videoclip zum Song macht ebenfalls Lust auf mehr. Gedreht wurde unmittelbar in der Heimat der Dorfrocker, in den Fluren des fr\u00e4nkischen 900-Seelen-Ortes Kirchaich. Dort wo \u2013 wie es im Songtext hei\u00dft &#8211; die gleiche alte Eiche schon immer steht, wo man sich als kleiner Junge auf den Schulweg gemacht und sp\u00e4ter erstmals verliebt hat. Oder auch wo man die alte Eiche \u201emit 17 und mit Opas altem Benz zum Gl\u00fcck verfehlt\u201c hat.<\/p>\n<p>Authentisch, bodenst\u00e4ndig und mit einer Brise Nostalgie: so liefern die Dorfrocker mit \u201eWurzeln\u201c den passenden Soundtrack in Sachen Heimatgef\u00fchl!<\/p>\n<\/div>\n<p>&nbsp;<\/p>\n<div class=\"Text\">\n<p><em>Textquelle: Smalltown Kid Records<\/p>\n<p><\/em><\/p>\n<p><iframe loading=\"lazy\" title=\"Dorfrocker - Wurzeln (Offizielles Musikvideo)\" width=\"800\" height=\"450\" src=\"https:\/\/www.youtube.com\/embed\/4ShCzkHvKWA?feature=oembed\" frameborder=\"0\" allow=\"accelerometer; autoplay; encrypted-media; gyroscope; picture-in-picture\" allowfullscreen><\/iframe><\/p>\n<\/div>\n<\/div>\n<\/div>\n<\/div>\n<\/div>\n<\/div>\n","protected":false},"excerpt":{"rendered":"<p>Sehen Sie HIER den Videoclip &#8230;: &nbsp; &nbsp; Wie es auch kommt, wo ich auch bin: Ich wei\u00df wo meine<\/p>\n","protected":false},"author":2,"featured_media":54647,"comment_status":"open","ping_status":"closed","sticky":false,"template":"","format":"standard","meta":{"_FSMCFIC_featured_image_caption":"","_FSMCFIC_featured_image_nocaption":"","_FSMCFIC_featured_image_hide":""},"categories":[26,39],"tags":[395],"acf":[],"_links":{"self":[{"href":"https:\/\/smago.de\/ws2\/wp-json\/wp\/v2\/posts\/55224"}],"collection":[{"href":"https:\/\/smago.de\/ws2\/wp-json\/wp\/v2\/posts"}],"about":[{"href":"https:\/\/smago.de\/ws2\/wp-json\/wp\/v2\/types\/post"}],"author":[{"embeddable":true,"href":"https:\/\/smago.de\/ws2\/wp-json\/wp\/v2\/users\/2"}],"replies":[{"embeddable":true,"href":"https:\/\/smago.de\/ws2\/wp-json\/wp\/v2\/comments?post=55224"}],"version-history":[{"count":2,"href":"https:\/\/smago.de\/ws2\/wp-json\/wp\/v2\/posts\/55224\/revisions"}],"predecessor-version":[{"id":55226,"href":"https:\/\/smago.de\/ws2\/wp-json\/wp\/v2\/posts\/55224\/revisions\/55226"}],"wp:featuredmedia":[{"embeddable":true,"href":"https:\/\/smago.de\/ws2\/wp-json\/wp\/v2\/media\/54647"}],"wp:attachment":[{"href":"https:\/\/smago.de\/ws2\/wp-json\/wp\/v2\/media?parent=55224"}],"wp:term":[{"taxonomy":"category","embeddable":true,"href":"https:\/\/smago.de\/ws2\/wp-json\/wp\/v2\/categories?post=55224"},{"taxonomy":"post_tag","embeddable":true,"href":"https:\/\/smago.de\/ws2\/wp-json\/wp\/v2\/tags?post=55224"}],"curies":[{"name":"wp","href":"https:\/\/api.w.org\/{rel}","templated":true}]}}