{"id":55210,"date":"2018-08-25T18:05:38","date_gmt":"2018-08-25T16:05:38","guid":{"rendered":"https:\/\/smago.de\/?p=55210"},"modified":"2018-08-25T18:14:29","modified_gmt":"2018-08-25T16:14:29","slug":"dieter-thomas-heckaus-aktuellem-anlass-zum-tod-von-dieter-thomas-heck","status":"publish","type":"post","link":"https:\/\/smago.de\/ws2\/schlager\/dieter-thomas-heckaus-aktuellem-anlass-zum-tod-von-dieter-thomas-heck\/","title":{"rendered":"DIETER THOMAS HECK<br>Aus aktuellem Anlass: &#8222;Zum Tod von Dieter Thomas Heck&#8220;!"},"content":{"rendered":"<p>Programm\u00e4nderung heute, 25. August 2018, um 23:55 Uhr im Ersten! Und auch beim ZDF tut sich was &#8230;:<\/p>\n<p style=\"text-align: justify;\"><!-more-><\/p>\n<p>&nbsp;<\/p>\n<p>&nbsp;<\/p>\n<p style=\"text-align: justify;\">Volker Herres, Programmdirektor Erstes Deutsches Fernsehen: \u201eDieter Thomas Heck hat mit seiner \u201aHitparade\u2018 den Musikgeschmack ganzer Generationen gepr\u00e4gt. Von Hecks flotten Spr\u00fcchen begleitet konnten die Zuschauer f\u00fcr ihren Hit abstimmen. Er hat in seiner legend\u00e4ren Sendung durch Einblendung der Autogrammadressen die N\u00e4he zu den Stars hergestellt und den deutschsprachigen Schlager gro\u00df gemacht. Einst vom S\u00fcdwestfunk Baden-Baden entdeckt, hat \u201aMister Hitparade\u2018 \u00fcber Jahrzehnte Fernsehgeschichte geschrieben. Ein gro\u00dfer Showmaster ist gestern gestorben.&#8220;<\/p>\n<p style=\"text-align: justify;\">Zum Gedenken an Dieter Thomas Heck \u00e4ndert Das Ersteh heute Abend sein Programm und sendet um 23:55 Uhr ein Gespr\u00e4ch, das Joachim Fuchsberger am 28. November 1986 mit Dieter Thomas Heck f\u00fchrte: \u201eHeut\u2018 abend&#8220; &#8211; zu Gast Dieter Thomas Heck&#8220;.<\/p>\n<p style=\"text-align: justify;\">Das weitere Programm schiebt sich um 45 Minuten.<\/p>\n<p style=\"text-align: justify;\">Den ge\u00e4nderten Programmablauf entnehmen Sie bitte in K\u00fcrze den Seiten<strong> <a href=\"http:\/\/programm.daserste.de\">http:\/\/programm.daserste.de<\/a><\/strong>!<\/p>\n<p>&nbsp;<\/p>\n<p><strong>DAS ZDF wiederholt heute Nacht (25.\/26.08.2018) den Zusammenschnitt &#8222;Erinnerungen an Dieter Thomas Heck&#8220; (00:30 Uhr &#8211; 00:45 Uhr) und sendet im Anschlzss (00:45 Uhr &#8211; 03:45 Uhr) &#8222;Die ZDF-Kultnacht&#8220;. (Weitere Informationen: Fehlanzeige !!!)<\/strong><\/p>\n","protected":false},"excerpt":{"rendered":"<p>Programm\u00e4nderung heute, 25. August 2018, um 23:55 Uhr im Ersten! Und auch beim ZDF tut sich was &#8230;: &nbsp; &nbsp;<\/p>\n","protected":false},"author":2,"featured_media":55171,"comment_status":"open","ping_status":"closed","sticky":false,"template":"","format":"standard","meta":{"_FSMCFIC_featured_image_caption":"","_FSMCFIC_featured_image_nocaption":"","_FSMCFIC_featured_image_hide":""},"categories":[29],"tags":[441],"acf":[],"_links":{"self":[{"href":"https:\/\/smago.de\/ws2\/wp-json\/wp\/v2\/posts\/55210"}],"collection":[{"href":"https:\/\/smago.de\/ws2\/wp-json\/wp\/v2\/posts"}],"about":[{"href":"https:\/\/smago.de\/ws2\/wp-json\/wp\/v2\/types\/post"}],"author":[{"embeddable":true,"href":"https:\/\/smago.de\/ws2\/wp-json\/wp\/v2\/users\/2"}],"replies":[{"embeddable":true,"href":"https:\/\/smago.de\/ws2\/wp-json\/wp\/v2\/comments?post=55210"}],"version-history":[{"count":4,"href":"https:\/\/smago.de\/ws2\/wp-json\/wp\/v2\/posts\/55210\/revisions"}],"predecessor-version":[{"id":55214,"href":"https:\/\/smago.de\/ws2\/wp-json\/wp\/v2\/posts\/55210\/revisions\/55214"}],"wp:featuredmedia":[{"embeddable":true,"href":"https:\/\/smago.de\/ws2\/wp-json\/wp\/v2\/media\/55171"}],"wp:attachment":[{"href":"https:\/\/smago.de\/ws2\/wp-json\/wp\/v2\/media?parent=55210"}],"wp:term":[{"taxonomy":"category","embeddable":true,"href":"https:\/\/smago.de\/ws2\/wp-json\/wp\/v2\/categories?post=55210"},{"taxonomy":"post_tag","embeddable":true,"href":"https:\/\/smago.de\/ws2\/wp-json\/wp\/v2\/tags?post=55210"}],"curies":[{"name":"wp","href":"https:\/\/api.w.org\/{rel}","templated":true}]}}