{"id":54842,"date":"2018-08-18T00:00:58","date_gmt":"2018-08-17T22:00:58","guid":{"rendered":"https:\/\/smago.de\/?p=54842"},"modified":"2018-08-17T14:50:02","modified_gmt":"2018-08-17T12:50:02","slug":"grit-boettcherheute-vorabend-18-08-2018-in-der-sendung-das-zu-gast","status":"publish","type":"post","link":"https:\/\/smago.de\/ws2\/comedy\/grit-boettcherheute-vorabend-18-08-2018-in-der-sendung-das-zu-gast\/","title":{"rendered":"GRIT BOETTCHER<br>Heute Vorabend (18.08.2018) in der Sendung &#8222;DAS!&#8220; zu Gast!"},"content":{"rendered":"<p style=\"text-align: justify;\">NDR fernsehen, 18:45 Uhr \u2013 19:30 Uhr (Wh. in der Nacht auf 19.08., 05:15 Uhr \u2013 06:00 Uhr)! Moderation: Hinnerk Baumgarten!<\/p>\n<p style=\"text-align: justify;\"><!-more-><\/p>\n<p>&nbsp;<\/p>\n<div id=\"page\">\n<div class=\"pagepadding\">\n<article class=\"w66 \">\n<div class=\"modulepadding copytext\">\n<div>\n<p style=\"text-align: justify;\">GRIT BOETTCHER bekannt als die attraktive und kesse Schauspielerin aus den Anf\u00e4ngen des Farbfernsehens und der Comedy-Star aus den 70ern. An der Seite von Harald Juhnke entwickelte sich die Schauspielerin in dem Sketch-Klassiker &#8222;Ein verr\u00fccktes Paar&#8220; zum Publikumsliebling. Mal mit Mut zur H\u00e4sslichkeit, mal das sexy Biest &#8211; sie \u00fcberzeugte und erhielt die Goldene Kamera. Privat ist sie eine K\u00e4mpferin. &#8222;Ich bin wie ein G\u00e4nsebl\u00fcmchen, auf das man tritt und das sich dann wieder aufrichtet&#8220; sagt Grit Boettcher von sich selbst.<\/p>\n<p style=\"text-align: justify;\">Inzwischen lebt die Witwe gl\u00fccklich mit ihren Kindern und Enkelkindern gemeinsam unter einem Dach. Im letzten November dann die beunruhigenden Nachrichten: Grit Boettcher in Lebensgefahr \u2013 sie musste sich einer Not-OP unterziehen. Inzwischen ist sie wieder fit und froh, dass die Operation so gut verlaufen ist. Im August ist sie 80 Jahre geworden. Anlass genug f\u00fcr ihre erste Autobiografie &#8222;Auf ein L\u00e4cheln&#8220;. In der blickt sie zur\u00fcck auf 60 Jahre Fernsehen, Film und B\u00fchne. Mit Partnern wie Heinz R\u00fchmann, Joachim Fuchsberger, Ivan Desny und Karlheinz B\u00f6hm. Wir sind gespannt auf interessante Anekdoten.<\/p>\n<\/div>\n<\/div>\n<\/article>\n<\/div>\n<\/div>\n","protected":false},"excerpt":{"rendered":"<p>NDR fernsehen, 18:45 Uhr \u2013 19:30 Uhr (Wh. in der Nacht auf 19.08., 05:15 Uhr \u2013 06:00 Uhr)! Moderation: Hinnerk<\/p>\n","protected":false},"author":2,"featured_media":54843,"comment_status":"open","ping_status":"closed","sticky":false,"template":"","format":"standard","meta":{"_FSMCFIC_featured_image_caption":"","_FSMCFIC_featured_image_nocaption":"","_FSMCFIC_featured_image_hide":""},"categories":[3],"tags":[416],"acf":[],"_links":{"self":[{"href":"https:\/\/smago.de\/ws2\/wp-json\/wp\/v2\/posts\/54842"}],"collection":[{"href":"https:\/\/smago.de\/ws2\/wp-json\/wp\/v2\/posts"}],"about":[{"href":"https:\/\/smago.de\/ws2\/wp-json\/wp\/v2\/types\/post"}],"author":[{"embeddable":true,"href":"https:\/\/smago.de\/ws2\/wp-json\/wp\/v2\/users\/2"}],"replies":[{"embeddable":true,"href":"https:\/\/smago.de\/ws2\/wp-json\/wp\/v2\/comments?post=54842"}],"version-history":[{"count":2,"href":"https:\/\/smago.de\/ws2\/wp-json\/wp\/v2\/posts\/54842\/revisions"}],"predecessor-version":[{"id":54845,"href":"https:\/\/smago.de\/ws2\/wp-json\/wp\/v2\/posts\/54842\/revisions\/54845"}],"wp:featuredmedia":[{"embeddable":true,"href":"https:\/\/smago.de\/ws2\/wp-json\/wp\/v2\/media\/54843"}],"wp:attachment":[{"href":"https:\/\/smago.de\/ws2\/wp-json\/wp\/v2\/media?parent=54842"}],"wp:term":[{"taxonomy":"category","embeddable":true,"href":"https:\/\/smago.de\/ws2\/wp-json\/wp\/v2\/categories?post=54842"},{"taxonomy":"post_tag","embeddable":true,"href":"https:\/\/smago.de\/ws2\/wp-json\/wp\/v2\/tags?post=54842"}],"curies":[{"name":"wp","href":"https:\/\/api.w.org\/{rel}","templated":true}]}}