{"id":54839,"date":"2018-08-18T00:00:45","date_gmt":"2018-08-17T22:00:45","guid":{"rendered":"https:\/\/smago.de\/?p=54839"},"modified":"2018-08-17T14:08:31","modified_gmt":"2018-08-17T12:08:31","slug":"ross-antony-u-a-heute-18-08-2018-in-der-sendung-gefragt-gejagt-zu-gast","status":"publish","type":"post","link":"https:\/\/smago.de\/ws2\/schlager\/ross-antony-u-a-heute-18-08-2018-in-der-sendung-gefragt-gejagt-zu-gast\/","title":{"rendered":"ROSS ANTONY u.a.<br>Heute (18.08.2018) in der Sendung &#8222;Gefragt &#8211; Gejagt&#8220; zu Gast!"},"content":{"rendered":"<p style=\"text-align: justify;\">&#8222;Quiz-Marathon mit Alexander Bommes&#8220; \/\/ Das Erste\/ARD, 20:15 Uhr &#8211; 23:30 Uhr!<\/p>\n<p style=\"text-align: justify;\"><!-more-><\/p>\n<p style=\"text-align: justify;\">\n<p style=\"text-align: justify;\">\n<p style=\"text-align: justify;\">\u201eGefragt &#8211; Gejagt\u201c, das erfolgreiche Vorabend-Quiz im Ersten, startet am 18. August um 20:15 Uhr mit seinem Quiz-Marathon. In der dreist\u00fcndigen Spezialausgabe stellen sich wieder 16 prominente Kandidaten in vier Teams mehr als 500 Fragen und dem unglaublichen Wissen der J\u00e4ger.<\/p>\n<p>F\u00fcr das Team \u201eSchauspiel\u201c sind am Start die beiden Grimme-Preistr\u00e4gerinnen Meret Becker und Christine Neubauer zusammen mit Fernsehpreistr\u00e4gerin Anna Thalbach und Schauspielkollegin Ann-Kathrin Kramer.<\/p>\n<p>Das Team \u201eSport\u201c bestreitet den Quizwettkampf mit den ehemaligen Olympiasiegern Matthias Steiner und Lars Riedel in Kombination mit Fu\u00dfball-Legende Mario Basler und der Bodybuilding-Ikone Ralf M\u00f6ller.<\/p>\n<p>Das Team &#8222;Spezial&#8220; will die J\u00e4ger mit Tanzjuror Joachim Llambi, Stark\u00f6chin Sarah Wiener, Rapper Jimi Blue Ochsenknecht und Fernsehpreisgewinnerin Natalia W\u00f6rner bezwingen.<\/p>\n<p>Und mit viel Humor versucht das Team \u201eEntertainment\u201c, vertreten durch Bambi-Preistr\u00e4gerin Ruth Moschner, S\u00e4nger Ross Antony, TV-Kultfigur Lilo Wanders und Comedy-Star Thomas Hermanns, den J\u00e4gern Paroli zu bieten.<\/p>\n<p>Das Ziel f\u00fcr unsere prominenten Kandidaten ist klar. Sie m\u00fcssen mit m\u00f6glichst vielen richtigen Antworten die \u201eJ\u00e4ger\u201c schlagen, um dann hoffentlich am Ende Geld f\u00fcr einen guten Zweck zu gewinnen. Wer schl\u00e4gt sich am besten und beh\u00e4lt im Duell mit der Quizelite Deutschlands die Nerven?<\/p>\n<p><strong>Diese J\u00e4ger werden im Quiz-Marathon Jagd auf die Prominenten machen:<\/strong><\/p>\n<p>Der \u201eBibliothekar\u201c Klaus Otto Nagorsnik, mehrfacher Gewinner des Deutschland-Cups des Deutschen Quizvereins.<\/p>\n<p>Der \u201eQuizvulkan\u201c Manuel Hobiger, war bereits Deutscher Quiz-Meister im Einzel und mehrfacher Sieger im Buzzerquiz.<\/p>\n<p>Der \u201eQuizgott\u201c Sebastian Jacoby, mehrfacher Deutscher Meister im Doppel und Buzzerquiz und seit Jahren konstant unter den Top 10 der deutschen Quizszene zu finden.<\/p>\n<p>Der \u201eBesserwisser\u201c Sebastian Klussmann, seit Jahren weltweit einer der f\u00fcnf besten Quizzer unter 30 Jahren, Rekordspieler der Quiznationalmannschaft und Pr\u00e4sident des Deutschen Quizvereins.<\/p>\n<p>Dieser Quiz\u2013Marathon wird nicht nur f\u00fcr die prominenten Kandidaten eine Herausforderung sein. Die Frage ist, wie reagiert Moderator Alexander Bommes auf den Schm\u00e4hgesang der J\u00e4ger aus dem vergangenen Jahr? Sinnt er auf Rache oder kontert er mit Charme und Gelassenheit?<\/p>\n<p><strong>Redaktion:<\/strong> Daniela Drinkuth<\/p>\n<p style=\"text-align: justify;\">\n<p>Sehen Sie <strong><a href=\"http:\/\/www.daserste.de\/unterhaltung\/quiz-show\/gefragt-gejagt\/videos\/trailer-gefragt-gejagt-video-100.html\">HIER<\/a><\/strong> den Vorschau-Trailer!<\/p>\n<p>&nbsp;<\/p>\n<p><img decoding=\"async\" loading=\"lazy\" class=\"alignnone size-full wp-image-54840\" src=\"https:\/\/online.smago.de\/ws2\/wp-content\/uploads\/2018\/08\/gefragt.jpg\" alt=\"\" width=\"548\" height=\"308\" srcset=\"https:\/\/smago.de\/ws2\/wp-content\/uploads\/2018\/08\/gefragt.jpg 548w, https:\/\/smago.de\/ws2\/wp-content\/uploads\/2018\/08\/gefragt-300x169.jpg 300w, https:\/\/smago.de\/ws2\/wp-content\/uploads\/2018\/08\/gefragt-292x164.jpg 292w\" sizes=\"(max-width: 548px) 100vw, 548px\" \/><\/p>\n","protected":false},"excerpt":{"rendered":"<p>&#8222;Quiz-Marathon mit Alexander Bommes&#8220; \/\/ Das Erste\/ARD, 20:15 Uhr &#8211; 23:30 Uhr! \u201eGefragt &#8211; Gejagt\u201c, das erfolgreiche Vorabend-Quiz im Ersten,<\/p>\n","protected":false},"author":2,"featured_media":0,"comment_status":"open","ping_status":"closed","sticky":false,"template":"","format":"standard","meta":{"_FSMCFIC_featured_image_caption":"","_FSMCFIC_featured_image_nocaption":"","_FSMCFIC_featured_image_hide":""},"categories":[29,39,128],"tags":[415,86],"acf":[],"_links":{"self":[{"href":"https:\/\/smago.de\/ws2\/wp-json\/wp\/v2\/posts\/54839"}],"collection":[{"href":"https:\/\/smago.de\/ws2\/wp-json\/wp\/v2\/posts"}],"about":[{"href":"https:\/\/smago.de\/ws2\/wp-json\/wp\/v2\/types\/post"}],"author":[{"embeddable":true,"href":"https:\/\/smago.de\/ws2\/wp-json\/wp\/v2\/users\/2"}],"replies":[{"embeddable":true,"href":"https:\/\/smago.de\/ws2\/wp-json\/wp\/v2\/comments?post=54839"}],"version-history":[{"count":1,"href":"https:\/\/smago.de\/ws2\/wp-json\/wp\/v2\/posts\/54839\/revisions"}],"predecessor-version":[{"id":54841,"href":"https:\/\/smago.de\/ws2\/wp-json\/wp\/v2\/posts\/54839\/revisions\/54841"}],"wp:attachment":[{"href":"https:\/\/smago.de\/ws2\/wp-json\/wp\/v2\/media?parent=54839"}],"wp:term":[{"taxonomy":"category","embeddable":true,"href":"https:\/\/smago.de\/ws2\/wp-json\/wp\/v2\/categories?post=54839"},{"taxonomy":"post_tag","embeddable":true,"href":"https:\/\/smago.de\/ws2\/wp-json\/wp\/v2\/tags?post=54839"}],"curies":[{"name":"wp","href":"https:\/\/api.w.org\/{rel}","templated":true}]}}