{"id":54679,"date":"2018-08-13T00:00:02","date_gmt":"2018-08-12T22:00:02","guid":{"rendered":"https:\/\/smago.de\/?p=54679"},"modified":"2018-08-12T22:03:24","modified_gmt":"2018-08-12T20:03:24","slug":"franziskamit-ihrer-cd-herrlich-unperfekt-gelingt-ihr-die-hoechstnotierung-ihrer-karriere","status":"publish","type":"post","link":"https:\/\/smago.de\/ws2\/pop-schlager\/franziskamit-ihrer-cd-herrlich-unperfekt-gelingt-ihr-die-hoechstnotierung-ihrer-karriere\/","title":{"rendered":"FRANZISKA<br>Mit ihrer CD &#8222;herrlich unperfekt&#8220; gelingt ihr die H\u00f6chstnotierung ihrer Karriere &#8230;"},"content":{"rendered":"<p style=\"text-align: justify;\">&#8230; in den Offiziellen Deutschen Album Charts!<br \/>\n<!-more-><\/p>\n<p>&nbsp;<\/p>\n<p style=\"text-align: justify;\">Das Team der DA Music kann erneut auf einen mehr als bemerkenswerten Erfolg in den Offiziellen Deutschen Album Charts verweisen: Die neue CD von FRANZISKA &#8211; &#8222;herrlich unperfekt&#8220; &#8211; ist direkt auf Platz 28 eingestiegen.<\/p>\n<p style=\"text-align: justify;\">F\u00fcr Franziska bedeutet das die beste Notierung ihrer Karriere! Ihr gr\u00f6\u00dfter Album-Erfolg bislang war &#8222;Die Liebe ist kein Niemandsland&#8220; (&#8217;39; 2012).<\/p>\n<p style=\"text-align: justify;\">Insgesamt darf sich Franziska bereits zum sechsten Mal dar\u00fcber freuen, dass sich ein Album von ihr (jeweils f\u00fcr eine Woche) in den Top 100 Charts platzieren konnte.<\/p>\n","protected":false},"excerpt":{"rendered":"<p>&#8230; in den Offiziellen Deutschen Album Charts! &nbsp; Das Team der DA Music kann erneut auf einen mehr als bemerkenswerten<\/p>\n","protected":false},"author":2,"featured_media":54233,"comment_status":"open","ping_status":"closed","sticky":false,"template":"","format":"standard","meta":{"_FSMCFIC_featured_image_caption":"","_FSMCFIC_featured_image_nocaption":"","_FSMCFIC_featured_image_hide":""},"categories":[28],"tags":[190],"acf":[],"_links":{"self":[{"href":"https:\/\/smago.de\/ws2\/wp-json\/wp\/v2\/posts\/54679"}],"collection":[{"href":"https:\/\/smago.de\/ws2\/wp-json\/wp\/v2\/posts"}],"about":[{"href":"https:\/\/smago.de\/ws2\/wp-json\/wp\/v2\/types\/post"}],"author":[{"embeddable":true,"href":"https:\/\/smago.de\/ws2\/wp-json\/wp\/v2\/users\/2"}],"replies":[{"embeddable":true,"href":"https:\/\/smago.de\/ws2\/wp-json\/wp\/v2\/comments?post=54679"}],"version-history":[{"count":5,"href":"https:\/\/smago.de\/ws2\/wp-json\/wp\/v2\/posts\/54679\/revisions"}],"predecessor-version":[{"id":54684,"href":"https:\/\/smago.de\/ws2\/wp-json\/wp\/v2\/posts\/54679\/revisions\/54684"}],"wp:featuredmedia":[{"embeddable":true,"href":"https:\/\/smago.de\/ws2\/wp-json\/wp\/v2\/media\/54233"}],"wp:attachment":[{"href":"https:\/\/smago.de\/ws2\/wp-json\/wp\/v2\/media?parent=54679"}],"wp:term":[{"taxonomy":"category","embeddable":true,"href":"https:\/\/smago.de\/ws2\/wp-json\/wp\/v2\/categories?post=54679"},{"taxonomy":"post_tag","embeddable":true,"href":"https:\/\/smago.de\/ws2\/wp-json\/wp\/v2\/tags?post=54679"}],"curies":[{"name":"wp","href":"https:\/\/api.w.org\/{rel}","templated":true}]}}