{"id":54383,"date":"2018-08-08T12:12:38","date_gmt":"2018-08-08T10:12:38","guid":{"rendered":"https:\/\/smago.de\/?p=54383"},"modified":"2018-08-08T12:17:07","modified_gmt":"2018-08-08T10:17:07","slug":"franziskaplatz-27-in-den-midweek-charts-mit-herrlich-unperfekt","status":"publish","type":"post","link":"https:\/\/smago.de\/ws2\/pop-schlager\/franziskaplatz-27-in-den-midweek-charts-mit-herrlich-unperfekt\/","title":{"rendered":"FRANZISKA<br>Platz 27 in den &#8218;Midweek-Charts&#8216; mit &#8222;Herrlich unperfekt&#8220;!"},"content":{"rendered":"<p style=\"text-align: justify;\">Wow !!! Sollte \u201eHerrlich unperfekt\u201c ihr bislang gr\u00f6\u00dfer Album-Charterfolg werden &#8230;? Laut Midweek-Charts k\u00f6nnte es in K\u00fcrze einen weiteren Grund zum Feiern geben, denn neben den zur Zeit Schwindel erregenden Temperaturen klettert auch ihre CD in den offiziellen Trendcharts stetig nach oben. Und noch immer ist die flei\u00dfige S\u00e4ngerin mit komplettem \u201eHit-Gep\u00e4ck\u201c auf Promotion-Tour durch Deutschland und begeistert ihre Fans. Ein perfekter Start f\u00fcr \u201eHerrlich unperfekt\u201c!<\/p>\n<p style=\"text-align: justify;\">FRANZISKA hat es tats\u00e4chlich auf Platz 27 der sogenannten &#8218;Midweek-Trends&#8216; geschafft. Somit darf mit Bestimmtheit davon ausgegangen werden, dass &#8222;Herrlich unperfekt&#8220; das sechste (!) Album von Franziska ist, das sich seinen Weg in die Offiziellen Deutschen Charts bahnt.<\/p>\n<p style=\"text-align: justify;\">Sollte es Franziska letztendlich auf Rang 38 schaffen, so w\u00e4re dies ihr gr\u00f6\u00dfter Erfolg in den Offiziellen Deutschen Charts \u00fcberhaupt.<\/p>\n","protected":false},"excerpt":{"rendered":"<p>Wow !!! Sollte \u201eHerrlich unperfekt\u201c ihr bislang gr\u00f6\u00dfer Album-Charterfolg werden &#8230;? Laut Midweek-Charts k\u00f6nnte es in K\u00fcrze einen weiteren Grund<\/p>\n","protected":false},"author":2,"featured_media":53343,"comment_status":"open","ping_status":"closed","sticky":false,"template":"","format":"standard","meta":{"_FSMCFIC_featured_image_caption":"","_FSMCFIC_featured_image_nocaption":"","_FSMCFIC_featured_image_hide":""},"categories":[28],"tags":[190],"acf":[],"_links":{"self":[{"href":"https:\/\/smago.de\/ws2\/wp-json\/wp\/v2\/posts\/54383"}],"collection":[{"href":"https:\/\/smago.de\/ws2\/wp-json\/wp\/v2\/posts"}],"about":[{"href":"https:\/\/smago.de\/ws2\/wp-json\/wp\/v2\/types\/post"}],"author":[{"embeddable":true,"href":"https:\/\/smago.de\/ws2\/wp-json\/wp\/v2\/users\/2"}],"replies":[{"embeddable":true,"href":"https:\/\/smago.de\/ws2\/wp-json\/wp\/v2\/comments?post=54383"}],"version-history":[{"count":2,"href":"https:\/\/smago.de\/ws2\/wp-json\/wp\/v2\/posts\/54383\/revisions"}],"predecessor-version":[{"id":54385,"href":"https:\/\/smago.de\/ws2\/wp-json\/wp\/v2\/posts\/54383\/revisions\/54385"}],"wp:featuredmedia":[{"embeddable":true,"href":"https:\/\/smago.de\/ws2\/wp-json\/wp\/v2\/media\/53343"}],"wp:attachment":[{"href":"https:\/\/smago.de\/ws2\/wp-json\/wp\/v2\/media?parent=54383"}],"wp:term":[{"taxonomy":"category","embeddable":true,"href":"https:\/\/smago.de\/ws2\/wp-json\/wp\/v2\/categories?post=54383"},{"taxonomy":"post_tag","embeddable":true,"href":"https:\/\/smago.de\/ws2\/wp-json\/wp\/v2\/tags?post=54383"}],"curies":[{"name":"wp","href":"https:\/\/api.w.org\/{rel}","templated":true}]}}