{"id":54378,"date":"2018-08-09T00:00:18","date_gmt":"2018-08-08T22:00:18","guid":{"rendered":"https:\/\/smago.de\/?p=54378"},"modified":"2018-08-08T12:04:04","modified_gmt":"2018-08-08T10:04:04","slug":"andreas-dorauwissenswertes-ueber-andreas-doraus-gereon-klugs-koenig-der-moewen-eine-musikalische-dramoedie","status":"publish","type":"post","link":"https:\/\/smago.de\/ws2\/ndw\/andreas-dorauwissenswertes-ueber-andreas-doraus-gereon-klugs-koenig-der-moewen-eine-musikalische-dramoedie\/","title":{"rendered":"ANDREAS DORAU<br>Wissenswertes \u00fcber Andreas Doraus &#038; Gereon Klugs &#8222;Koenig der Moewen&#8220; &#8211; Eine musikalische Dram\u00f6die!"},"content":{"rendered":"<p style=\"text-align: justify;\">Im &#8222;Koenig der Moewen&#8220; geht es um den Plattenh\u00e4ndler Hans, welcher im Herzen der stolzen Hansestadt einen Plattenladen betreibt &#8230;:<\/p>\n<p><!-more-><\/p>\n<p>&nbsp;<\/p>\n<div id=\"corset\">\n<div id=\"content\">\n<div id=\"c33787\" class=\"csc-default\">\n<div id=\"column_38_2\">\n<div id=\"c33797\" class=\"csc-default\">\n<p class=\"bodytext\" style=\"text-align: justify;\">Ausfl\u00fcge in die Hochkultur sind Andreas Dorau und Gereon Klug wahrlich nicht fremd. Ersterer trat bspw. schon als Opernkomponist (\u201eGuten Morgen Hose\u201c) in Erscheinung, letzterer kennt jeden Musikstil, sogar die ganz komplizierten und die ganz neuen. Beide haben schon waschechte B\u00fccher geschrieben und (!) ver\u00f6ffentlicht.<\/p>\n<p>Opern, B\u00fccher, Platten &#8230; wir sehen schon, die beiden Duzfreunde trauen sich alles. Im \u00fcbertragenen Sinne sind sie quasi die Lewis &amp; Clark des Hamburger Pop. Immer weiter, immer neu. Nun also ein Theaterst\u00fcck mit Musike. Den Begriff \u201eMusical\u201c finden sie \u201ePfui!\u201c, weshalb es sich bei \u201eKoenig der Moewen\u201c nat\u00fcrlich um eine \u201emusikalische Dram\u00f6die\u201c handelt. Die feinen Herren!<\/p>\n<p class=\"bodytext\" style=\"text-align: justify;\">Im \u201eKoenig der Moewen\u201c geht es um den Plattenh\u00e4ndler Hans, welcher im Herzen der stolzen Hansestadt einen Plattenladen betreibt. Und da beginnt nat\u00fcrlich schon der \u00c4rger. Heutzutage mit Musik Geld verdienen? Gott sei es gepfiffen und geklagt. Und dann wird sein kleines Gesch\u00e4ft auch noch von b\u00e4rtigen und t\u00e4towierten Gentrifizierern quasi gentrifiziert. Der vertr\u00e4umte Idealist wei\u00df weder ein noch aus. Er sieht nur noch einen Ausweg: er geht einen faustischen Pakt ein. Er verr\u00e4t alles &#8230; und es kommt, wie es kommen musste: er verliert alles. Hans brummt der Sch\u00e4del. Bin ich am Ende selber der schlimmste Gentrifizierer? Nur noch ein Marktsubjekt? Ich will doch nur gute Platten an gute Leute verkaufen! Er verflucht die eiskalte Hand des Marktes, er verflucht sich selbst, er ballert sich dicht. Und begibt sich sodann mit d\u00fcstersten Gedanken an den Hafen, wo er auf den sagenumwobenen M\u00f6wenk\u00f6nig trifft. Kann ihm der gefiederte Monarch aus der Patsche helfen? So die Handlung dieser ebenso launigen wie kritischen Dram\u00f6die in a nutshell.<\/p>\n<p class=\"bodytext\" style=\"text-align: justify;\">13 Songs wurden eigens f\u00fcr &#8222;Koenig der Moewen&#8220;\u00a0produziert. Sie handeln von Kronkorken, von Drogenz\u00fcgen, von Yum-Yum-Suppen, nat\u00fcrlich von M\u00f6wen und von ganz viel Feelingsgef\u00fchlen und stellen gewisserma\u00dfen den Output der Band dar, die bei Hans im Laden spielt. Eine Band, die sich st\u00e4ndig in Stil und Gestus h\u00e4utet. Pfiffige, flexible junge Leute, die sich gerne \u201eneu erfinden\u201c bzw. versuchen, sich der wandelnden Nachfrage in Sound und Look anzupassen. Bzw.: vollkommen schmierige Ranschmei\u00dfer. Von Uptempo-Soul bis Jute-Taschen-Indie, von Electrobilly bis Trap haben sie einfach alles drauf und zeigen es auch.<\/p>\n<p class=\"bodytext\" style=\"text-align: justify;\">Aufgenommen wurde das Album in Zwanie Jonsons urgem\u00fctlichem und passenderweise in den Katakomben von Hamburg gelegenen artikel eins\u00a0Tonstudio. Jeder, der diesen magischen Ort schon mal betreten hat, wei\u00df: der ist zumindest noch nicht 100%ig gentrifiziert, ist er doch gut gesch\u00fctzt durch eine beeindruckende Mauer, bestehend aus leerem Holsten-Pilsener-Pfandgut. \u00c4hnlichkeiten mit dem \u201eHamburger Keller\u201c, in welchem das gro\u00dfe \u201eKoenig der Moewen\u201c-Finale stattfindet, sind rein zuf\u00e4llig.<\/p>\n<p class=\"bodytext\" style=\"text-align: justify;\">Alle 13 Songs (also, richtige Popsongs, nicht so Filmmusik\/Tanztheater-Geseier) wurden geschrieben, produziert und teilweise auch gesungen von dem geselligen Quintett Andreas Dorau, Gereon Klug, Gunther Buskies (Die Liga der gew\u00f6hnlichen Gentlemen), Zwanie Jonson (Zwanie Jonson) &amp; Carsten Friedrichs (Die Liga der gew\u00f6hnlichen Gentlemen). Erfreulicherweise haben noch weitere tolle G\u00e4ste ihren musikalischen Fingerabdruck auf dieser Platte hinterlassen: Kenji Kitahama &amp; Friedrich Sunlight, Julia Wilton (Das Bierbeben\/Pop Tarts) und Sab Janoh.<\/p>\n<p class=\"bodytext\" style=\"text-align: justify;\">\u201eKoenig der Moewen\u201c ist ein Kaleidoskop, ein trippiger Trip, ein musikalischer Magic Carpet Ride, welcher jeden, der sich darauf einl\u00e4sst, von den dunklen Hamburger Kellern bis hinauf in die m\u00f6wigsten H\u00f6hen f\u00fchrt. Und umgekehrt.<\/p>\n<p class=\"bodytext\"><i>Die Premiere von &#8222;Koenig der Moewen&#8220; findet am heutigen (09.08.2018) im Rahmen des Internationalen Sommerfestivals auf Kampnagel in Hamburg statt. Sie ist allerdings &#8211; wie alle anderen Vorstellungen auch &#8211; bereits restlos ausverkauft.<\/i><\/p>\n<\/div>\n<p>&nbsp;<\/p>\n<div id=\"c33797\" class=\"csc-default\">\n<p><em>Textquelle: Tapete Records<\/em><\/p>\n<p><iframe loading=\"lazy\" title=\"Andreas Doraus &amp; Gereon Klugs &#039;Koenig der Moewen&#039; \u2013 Feelingsgefu\u0308hle (official video)\" width=\"800\" height=\"450\" src=\"https:\/\/www.youtube.com\/embed\/3VhvqISbS0w?feature=oembed\" frameborder=\"0\" allow=\"accelerometer; autoplay; encrypted-media; gyroscope; picture-in-picture\" allowfullscreen><\/iframe><\/p>\n<p><iframe loading=\"lazy\" title=\"Andreas Doraus &amp; Gereon Klugs &#039;Koenig der Moewen&#039; \u2013 Feelingsgefu\u0308hle (official video)\" width=\"800\" height=\"450\" src=\"https:\/\/www.youtube.com\/embed\/3VhvqISbS0w?feature=oembed\" frameborder=\"0\" allow=\"accelerometer; autoplay; encrypted-media; gyroscope; picture-in-picture\" allowfullscreen><\/iframe><\/p>\n<\/div>\n<\/div>\n<\/div>\n<\/div>\n<\/div>\n","protected":false},"excerpt":{"rendered":"<p>Im &#8222;Koenig der Moewen&#8220; geht es um den Plattenh\u00e4ndler Hans, welcher im Herzen der stolzen Hansestadt einen Plattenladen betreibt &#8230;:<\/p>\n","protected":false},"author":2,"featured_media":52428,"comment_status":"open","ping_status":"closed","sticky":false,"template":"","format":"standard","meta":{"_FSMCFIC_featured_image_caption":"","_FSMCFIC_featured_image_nocaption":"","_FSMCFIC_featured_image_hide":""},"categories":[22,39],"tags":[178],"acf":[],"_links":{"self":[{"href":"https:\/\/smago.de\/ws2\/wp-json\/wp\/v2\/posts\/54378"}],"collection":[{"href":"https:\/\/smago.de\/ws2\/wp-json\/wp\/v2\/posts"}],"about":[{"href":"https:\/\/smago.de\/ws2\/wp-json\/wp\/v2\/types\/post"}],"author":[{"embeddable":true,"href":"https:\/\/smago.de\/ws2\/wp-json\/wp\/v2\/users\/2"}],"replies":[{"embeddable":true,"href":"https:\/\/smago.de\/ws2\/wp-json\/wp\/v2\/comments?post=54378"}],"version-history":[{"count":3,"href":"https:\/\/smago.de\/ws2\/wp-json\/wp\/v2\/posts\/54378\/revisions"}],"predecessor-version":[{"id":54381,"href":"https:\/\/smago.de\/ws2\/wp-json\/wp\/v2\/posts\/54378\/revisions\/54381"}],"wp:featuredmedia":[{"embeddable":true,"href":"https:\/\/smago.de\/ws2\/wp-json\/wp\/v2\/media\/52428"}],"wp:attachment":[{"href":"https:\/\/smago.de\/ws2\/wp-json\/wp\/v2\/media?parent=54378"}],"wp:term":[{"taxonomy":"category","embeddable":true,"href":"https:\/\/smago.de\/ws2\/wp-json\/wp\/v2\/categories?post=54378"},{"taxonomy":"post_tag","embeddable":true,"href":"https:\/\/smago.de\/ws2\/wp-json\/wp\/v2\/tags?post=54378"}],"curies":[{"name":"wp","href":"https:\/\/api.w.org\/{rel}","templated":true}]}}