{"id":54185,"date":"2018-08-03T00:00:45","date_gmt":"2018-08-02T22:00:45","guid":{"rendered":"https:\/\/smago.de\/?p=54185"},"modified":"2018-08-02T17:32:30","modified_gmt":"2018-08-02T15:32:30","slug":"glasperlenspiel-u-a-die-hanse-sail-2018-in-radio-und-tv","status":"publish","type":"post","link":"https:\/\/smago.de\/ws2\/pop\/glasperlenspiel-u-a-die-hanse-sail-2018-in-radio-und-tv\/","title":{"rendered":"GLASPERLENSPIEL u.a.<br>Die Hanse Sail 2018 in Radio und TV!"},"content":{"rendered":"<p style=\"text-align: justify;\">Offizielle Er\u00f6ffnung auf NDR B\u00fchne im Stadthafen!<\/p>\n<p style=\"text-align: justify;\"><!-more-><\/p>\n<p>&nbsp;<\/p>\n<p style=\"text-align: justify;\">Die Hanse Sail ist auch in diesem Jahr wieder gro\u00dfes Thema in der Berichterstattung von NDR 1 Radio MV, dem \u201eNordmagazin\u201c und von \u201eNordmagazin \u2013 Land und Leute\u201c. Vier Tage lang \u2013 von Donnerstag, 9. August, bis Sonntag, 12. August \u2013 begleiten sie das Gro\u00df- und Traditionsseglertreffen und senden live aus Rostock.\u00a0 Die offizielle Er\u00f6ffnung der 28. Hanse Sail mit Ministerpr\u00e4sidentin Manuela Schwesig findet am Donnerstag, 9. August, ab 16.30 Uhr auf der NDR B\u00fchne im Rostocker Stadthafen statt.<\/p>\n<p style=\"text-align: justify;\">NDR 1 Radio MV Moderator Marko Vogt f\u00fchrt durch das Er\u00f6ffnungsprogramm. Neben Manuela Schwesig empf\u00e4ngt er unter anderen den Rostocker Oberb\u00fcrgermeister Roland Methling und den schwedischen Botschafter Per Anders Th\u00f6resson. Der Warnem\u00fcnder Musiker Ola van Sander von der Band Bad Penny ist mit einem Solo-Auftritt zu erleben.<\/p>\n<p style=\"text-align: justify;\">Immer aktuell mit allen Infos berichtet NDR 1 Radio MV in seinem Tagesprogramm an allen vier Tagen von der Hanse Sail. Am Sonnabend, 11. August, gibt es ab 9.00 Uhr au\u00dferdem die dreist\u00fcndige Live-Sendung \u201eWochenend\u2018 und Angerstein\u201c mit Moderator Marc Angerstein direkt aus dem Stadthafen. Hinzu kommen Live-Schalten, Reportagen, Interviews und Hintergrundberichte.<\/p>\n<p style=\"text-align: justify;\">Im NDR Fernsehen sind die ersten Bilder der diesj\u00e4hrigen Hanse Sail am Donnerstag, 9. August, ab 18.00 Uhr in \u201eNordmagazin \u2013 Land und Leute\u201c zu sehen. Auch in den folgenden Ausgaben von \u201eNordmagazin\u201c jeweils um 19.30 Uhr und \u201eNordmagazin \u2013 Land und Leute\u201c um 18.00 Uhr ist die Hanse Sail Thema. Eine Live-Sendung des \u201eNordmagazins\u201c aus dem Stadthafen ist am Sonnabend, 11. August, ab 19.30 Uhr zu sehen. Am Sonntag, 12. August, gibt es dann ab 19.30 Uhr im \u201eNordmagazin\u201c eine Zusammenfassung der 28. Hanse Sail.<\/p>\n<p style=\"text-align: justify;\">Auf der B\u00fchne im Stadthafen sorgen NDR 1 Radio MV, das \u201eNordmagazin\u201c, NDR 2 und N-JOY von Donnerstag, 9. August, bis Sonntag, 12. August, f\u00fcr musikalische Highlights. Mit dabei sind unter anderen Marquess, Glasperlenspiel, LEA, Lions Head und Tom Gregory.<\/p>\n<p style=\"text-align: justify;\"><em>Textquelle: NDR<\/em><\/p>\n","protected":false},"excerpt":{"rendered":"<p>Offizielle Er\u00f6ffnung auf NDR B\u00fchne im Stadthafen! &nbsp; Die Hanse Sail ist auch in diesem Jahr wieder gro\u00dfes Thema in<\/p>\n","protected":false},"author":2,"featured_media":54186,"comment_status":"open","ping_status":"closed","sticky":false,"template":"","format":"standard","meta":{"_FSMCFIC_featured_image_caption":"","_FSMCFIC_featured_image_nocaption":"","_FSMCFIC_featured_image_hide":""},"categories":[27],"tags":[358],"acf":[],"_links":{"self":[{"href":"https:\/\/smago.de\/ws2\/wp-json\/wp\/v2\/posts\/54185"}],"collection":[{"href":"https:\/\/smago.de\/ws2\/wp-json\/wp\/v2\/posts"}],"about":[{"href":"https:\/\/smago.de\/ws2\/wp-json\/wp\/v2\/types\/post"}],"author":[{"embeddable":true,"href":"https:\/\/smago.de\/ws2\/wp-json\/wp\/v2\/users\/2"}],"replies":[{"embeddable":true,"href":"https:\/\/smago.de\/ws2\/wp-json\/wp\/v2\/comments?post=54185"}],"version-history":[{"count":2,"href":"https:\/\/smago.de\/ws2\/wp-json\/wp\/v2\/posts\/54185\/revisions"}],"predecessor-version":[{"id":54188,"href":"https:\/\/smago.de\/ws2\/wp-json\/wp\/v2\/posts\/54185\/revisions\/54188"}],"wp:featuredmedia":[{"embeddable":true,"href":"https:\/\/smago.de\/ws2\/wp-json\/wp\/v2\/media\/54186"}],"wp:attachment":[{"href":"https:\/\/smago.de\/ws2\/wp-json\/wp\/v2\/media?parent=54185"}],"wp:term":[{"taxonomy":"category","embeddable":true,"href":"https:\/\/smago.de\/ws2\/wp-json\/wp\/v2\/categories?post=54185"},{"taxonomy":"post_tag","embeddable":true,"href":"https:\/\/smago.de\/ws2\/wp-json\/wp\/v2\/tags?post=54185"}],"curies":[{"name":"wp","href":"https:\/\/api.w.org\/{rel}","templated":true}]}}