{"id":54111,"date":"2018-08-01T13:12:57","date_gmt":"2018-08-01T11:12:57","guid":{"rendered":"https:\/\/smago.de\/?p=54111"},"modified":"2018-08-01T13:12:57","modified_gmt":"2018-08-01T11:12:57","slug":"sturm-der-liebesturm-der-liebe-ueberraschungsgaeste-zur-3-000-folge","status":"publish","type":"post","link":"https:\/\/smago.de\/ws2\/smago-informiert\/sturm-der-liebesturm-der-liebe-ueberraschungsgaeste-zur-3-000-folge\/","title":{"rendered":"&#8222;STURM DER LIEBE&#8220;<br>&#8222;Sturm der Liebe&#8220;: \u00dcberraschungsg\u00e4ste zur 3.000. Folge!"},"content":{"rendered":"<p style=\"text-align: justify;\">Werners Kinder kehren f\u00fcr seinen Geburtstag an den &#8222;F\u00fcrstenhof&#8220; zur\u00fcck!<\/p>\n<p style=\"text-align: justify;\"><!-more-><\/p>\n<p style=\"text-align: justify;\">\n<p style=\"text-align: justify;\">Gro\u00dfes Jubil\u00e4um bei \u201eSturm der Liebe: Die ARD-Erfolgstelenovela feiert die 3000. Folge! Voraussichtlich am 20. September 2018 dreht sich in der Bavaria-Fiction-Produktion passend dazu alles um ein rauschendes Fest: Werner Saalfeld (Dirk Galuba) wird 75. Zu diesem besonderen Anlass reisen gleich mehrere \u00dcberraschungsg\u00e4ste an den \u201eF\u00fcrstenhof&#8220;.<\/p>\n<p>Nach einem Streit mit Robert (Lorenzo Patan\u00e9) schleicht Werner an seinem Geburtstag fr\u00fchmorgens aus dem Hotel. Er ahnt nicht, dass seine Familie eine \u00dcberraschung f\u00fcr ihn geplant hat: Seine Kinder kommen zu Besuch, um seinen Ehrentag mit ihm zu feiern. Als Robert, Eva (Uta Kargel) und Valentina (Paulina Hobratschk) sein Verschwinden bemerken, ist die Sorge gro\u00df. Denn Werner hat weder Handy noch Herztabletten dabei! W\u00e4hrend das Geburtstagskind in der Natur eine schicksalhafte Begegnung hat, beginnt im \u201eF\u00fcrstenhof&#8220; eine aufgeregte Suche &#8230;<\/p>\n<p>F\u00fcr die gro\u00dfe Jubil\u00e4umsfolge kehren einige beliebte \u201eSturm der Liebe&#8220;-Stars zur\u00fcck: Gregory B. Waldis, Sarah Stork, Daniel F\u00fcnffrock, Moritz Tittel, Alexander Milz, Lucy Scherer und Birte Wentzek standen f\u00fcr die 3.000. Episode in Gastrollen vor der Kamera. Ein herausragender Dreh &#8211; insbesondere f\u00fcr Dirk Galuba, der seit der ersten Folge fester Bestandteil der Dailynovela ist: \u201e3.000 Folgen sind schon eine Hausnummer, eine gro\u00dfartige Leistung des gesamten Teams! Dass beim Jubil\u00e4um Werners Geburtstag im Fokus steht, ehrt mich nat\u00fcrlich besonders&#8220;, so der Schauspieler. \u201eAm meisten habe ich mich aber dar\u00fcber gefreut, alle wiederzusehen. Es hat sich fast wie eine echte Familienfeier angef\u00fchlt. Die Stimmung war gel\u00f6st, und wir haben die gemeinsamen Drehtage sehr genossen.&#8220;<br \/>\n\u201eSturm der Liebe&#8220;, montags bis freitags um 15:10 Uhr im Ersten.<\/p>\n<p><em>Textquelle: Das Erste \/ ARD<\/em><\/p>\n<form id=\"aspnetForm\" action=\"detail.aspx?id=DF2809BE86405A92&amp;isArchiv=D8D982FC9E267E2E&amp;Volltext=&amp;sopt=D8D982FC9E267E2E\" method=\"post\" name=\"aspnetForm\">\n<div id=\"ctl00_ctl00_updPnlContent\">\n<div id=\"PageContentContainer\">\n<div id=\"PageContent\">\n<div id=\"PageContentTable\"><\/div>\n<\/div>\n<\/div>\n<\/div>\n<\/form>\n","protected":false},"excerpt":{"rendered":"<p>Werners Kinder kehren f\u00fcr seinen Geburtstag an den &#8222;F\u00fcrstenhof&#8220; zur\u00fcck! Gro\u00dfes Jubil\u00e4um bei \u201eSturm der Liebe: Die ARD-Erfolgstelenovela feiert die<\/p>\n","protected":false},"author":2,"featured_media":54112,"comment_status":"open","ping_status":"closed","sticky":false,"template":"","format":"standard","meta":{"_FSMCFIC_featured_image_caption":"","_FSMCFIC_featured_image_nocaption":"","_FSMCFIC_featured_image_hide":""},"categories":[33],"tags":[348],"acf":[],"_links":{"self":[{"href":"https:\/\/smago.de\/ws2\/wp-json\/wp\/v2\/posts\/54111"}],"collection":[{"href":"https:\/\/smago.de\/ws2\/wp-json\/wp\/v2\/posts"}],"about":[{"href":"https:\/\/smago.de\/ws2\/wp-json\/wp\/v2\/types\/post"}],"author":[{"embeddable":true,"href":"https:\/\/smago.de\/ws2\/wp-json\/wp\/v2\/users\/2"}],"replies":[{"embeddable":true,"href":"https:\/\/smago.de\/ws2\/wp-json\/wp\/v2\/comments?post=54111"}],"version-history":[{"count":1,"href":"https:\/\/smago.de\/ws2\/wp-json\/wp\/v2\/posts\/54111\/revisions"}],"predecessor-version":[{"id":54113,"href":"https:\/\/smago.de\/ws2\/wp-json\/wp\/v2\/posts\/54111\/revisions\/54113"}],"wp:featuredmedia":[{"embeddable":true,"href":"https:\/\/smago.de\/ws2\/wp-json\/wp\/v2\/media\/54112"}],"wp:attachment":[{"href":"https:\/\/smago.de\/ws2\/wp-json\/wp\/v2\/media?parent=54111"}],"wp:term":[{"taxonomy":"category","embeddable":true,"href":"https:\/\/smago.de\/ws2\/wp-json\/wp\/v2\/categories?post=54111"},{"taxonomy":"post_tag","embeddable":true,"href":"https:\/\/smago.de\/ws2\/wp-json\/wp\/v2\/tags?post=54111"}],"curies":[{"name":"wp","href":"https:\/\/api.w.org\/{rel}","templated":true}]}}