{"id":53930,"date":"2018-07-30T00:00:56","date_gmt":"2018-07-29T22:00:56","guid":{"rendered":"https:\/\/smago.de\/?p=53930"},"modified":"2018-07-29T21:28:37","modified_gmt":"2018-07-29T19:28:37","slug":"mitch-kellerder-titel-so-ist-der-sommer-fuehrt-ihn-in-die-hit-spur-zurueck","status":"publish","type":"post","link":"https:\/\/smago.de\/ws2\/pop-schlager\/mitch-kellerder-titel-so-ist-der-sommer-fuehrt-ihn-in-die-hit-spur-zurueck\/","title":{"rendered":"MITCH KELLER<br>Der Titel &#8222;So ist der Sommer&#8220; f\u00fchrt ihn in die Hit-Spur zur\u00fcck!"},"content":{"rendered":"<p style=\"text-align: justify;\">Nachdem der Vorg\u00e4ngertitel &#8222;Das ist der Grund&#8220; eher etwas im Sande verlaufen war, hat es jetzt sogar wieder f\u00fcr einen Medaillenplatz gereicht &#8230;:<\/p>\n<p><!-more-><\/p>\n<p>Na also, geht doch!<\/p>\n<p>Nachdem MITCH KELLER mit seiner Vorg\u00e4nger-Single &#8222;Das ist der Grund&#8220; in den Radio Charts &#8222;Deutschland Konservativ Pop&#8220; f\u00fcr seine Verh\u00e4ltnisse eher ein bisschen untergegangen war, ist die Welt sp\u00e4testens jetzt wieder in Ordnung, denn:<\/p>\n<p>Sein neuer Titel &#8222;So ist der Sommer&#8220; hat es &#8211; und das mit einem &#8222;Hechtsprung&#8220; &#8211; auf Platz 3 der Radio Charts &#8222;Deutschland Konservativ Pop&#8220; geschafft.<\/p>\n<p style=\"text-align: justify;\">Zudem durfte sich Mitch Keller \u00fcber seine erste Platzierung in den Offiziellen Deutschen Album Charts freuen: Die CD &#8222;20.000 Teile&#8220; konnte sich auf Rang 69 platzieren.<\/p>\n<p>Mitch Keller ist somit der einzige m\u00e4nnliche K\u00fcnstler der Plattenfirma &#8222;Mania Music&#8220;, der es jemals in die Offiziellen Deutschen Album Charts gepackt hat.<\/p>\n","protected":false},"excerpt":{"rendered":"<p>Nachdem der Vorg\u00e4ngertitel &#8222;Das ist der Grund&#8220; eher etwas im Sande verlaufen war, hat es jetzt sogar wieder f\u00fcr einen<\/p>\n","protected":false},"author":2,"featured_media":53931,"comment_status":"open","ping_status":"closed","sticky":false,"template":"","format":"standard","meta":{"_FSMCFIC_featured_image_caption":"","_FSMCFIC_featured_image_nocaption":"","_FSMCFIC_featured_image_hide":""},"categories":[28],"tags":[40],"acf":[],"_links":{"self":[{"href":"https:\/\/smago.de\/ws2\/wp-json\/wp\/v2\/posts\/53930"}],"collection":[{"href":"https:\/\/smago.de\/ws2\/wp-json\/wp\/v2\/posts"}],"about":[{"href":"https:\/\/smago.de\/ws2\/wp-json\/wp\/v2\/types\/post"}],"author":[{"embeddable":true,"href":"https:\/\/smago.de\/ws2\/wp-json\/wp\/v2\/users\/2"}],"replies":[{"embeddable":true,"href":"https:\/\/smago.de\/ws2\/wp-json\/wp\/v2\/comments?post=53930"}],"version-history":[{"count":1,"href":"https:\/\/smago.de\/ws2\/wp-json\/wp\/v2\/posts\/53930\/revisions"}],"predecessor-version":[{"id":53932,"href":"https:\/\/smago.de\/ws2\/wp-json\/wp\/v2\/posts\/53930\/revisions\/53932"}],"wp:featuredmedia":[{"embeddable":true,"href":"https:\/\/smago.de\/ws2\/wp-json\/wp\/v2\/media\/53931"}],"wp:attachment":[{"href":"https:\/\/smago.de\/ws2\/wp-json\/wp\/v2\/media?parent=53930"}],"wp:term":[{"taxonomy":"category","embeddable":true,"href":"https:\/\/smago.de\/ws2\/wp-json\/wp\/v2\/categories?post=53930"},{"taxonomy":"post_tag","embeddable":true,"href":"https:\/\/smago.de\/ws2\/wp-json\/wp\/v2\/tags?post=53930"}],"curies":[{"name":"wp","href":"https:\/\/api.w.org\/{rel}","templated":true}]}}