{"id":53689,"date":"2018-07-26T00:00:46","date_gmt":"2018-07-25T22:00:46","guid":{"rendered":"https:\/\/smago.de\/?p=53689"},"modified":"2018-07-25T22:24:57","modified_gmt":"2018-07-25T20:24:57","slug":"muenchener-freiheitneuer-titel-ich-brenne-fuer-dich-ab-03-08-2018-digital-erhaeltlich","status":"publish","type":"post","link":"https:\/\/smago.de\/ws2\/pop-schlager\/muenchener-freiheitneuer-titel-ich-brenne-fuer-dich-ab-03-08-2018-digital-erhaeltlich\/","title":{"rendered":"M\u00dcNCHENER FREIHEIT<br>Neuer Titel &#8222;Ich brenne f\u00fcr dich&#8220; ab 03.08.2018 digital erh\u00e4ltlich!"},"content":{"rendered":"<p>Auf ihrer Facebook-Seite k\u00fcndigt die Band an &#8230;:<\/p>\n<p><!-more-><\/p>\n<p>&nbsp;<\/p>\n<p><em>Ihr Lieben, es ist soweit!<\/em><\/p>\n<p><em>Unsere neue Single &#8222;Ich brenne f\u00fcr dich&#8220; wird am 03.08.2018 ver\u00f6ffentlicht.<\/em><\/p>\n<p><em><strong><a href=\"https:\/\/www.amazon.de\/Ich-Brenne-F%C3%BCr-Dich\/dp\/B07FFFG1N6\/ref=sr_1_1?ie=UTF8&amp;qid=1531818807&amp;sr=8-1&amp;keywords=m%C3%BCnchener+freiheit+ich+brenne+f%C3%BCr+dich\">HIER<\/a><\/strong> k\u00f6nnt ihr den Titel ab dem 03.08.2018 bestellen!<\/em><\/p>\n","protected":false},"excerpt":{"rendered":"<p>Auf ihrer Facebook-Seite k\u00fcndigt die Band an &#8230;: &nbsp; Ihr Lieben, es ist soweit! Unsere neue Single &#8222;Ich brenne f\u00fcr<\/p>\n","protected":false},"author":2,"featured_media":53690,"comment_status":"open","ping_status":"closed","sticky":false,"template":"","format":"standard","meta":{"_FSMCFIC_featured_image_caption":"","_FSMCFIC_featured_image_nocaption":"","_FSMCFIC_featured_image_hide":""},"categories":[28],"tags":[309],"acf":[],"_links":{"self":[{"href":"https:\/\/smago.de\/ws2\/wp-json\/wp\/v2\/posts\/53689"}],"collection":[{"href":"https:\/\/smago.de\/ws2\/wp-json\/wp\/v2\/posts"}],"about":[{"href":"https:\/\/smago.de\/ws2\/wp-json\/wp\/v2\/types\/post"}],"author":[{"embeddable":true,"href":"https:\/\/smago.de\/ws2\/wp-json\/wp\/v2\/users\/2"}],"replies":[{"embeddable":true,"href":"https:\/\/smago.de\/ws2\/wp-json\/wp\/v2\/comments?post=53689"}],"version-history":[{"count":1,"href":"https:\/\/smago.de\/ws2\/wp-json\/wp\/v2\/posts\/53689\/revisions"}],"predecessor-version":[{"id":53691,"href":"https:\/\/smago.de\/ws2\/wp-json\/wp\/v2\/posts\/53689\/revisions\/53691"}],"wp:featuredmedia":[{"embeddable":true,"href":"https:\/\/smago.de\/ws2\/wp-json\/wp\/v2\/media\/53690"}],"wp:attachment":[{"href":"https:\/\/smago.de\/ws2\/wp-json\/wp\/v2\/media?parent=53689"}],"wp:term":[{"taxonomy":"category","embeddable":true,"href":"https:\/\/smago.de\/ws2\/wp-json\/wp\/v2\/categories?post=53689"},{"taxonomy":"post_tag","embeddable":true,"href":"https:\/\/smago.de\/ws2\/wp-json\/wp\/v2\/tags?post=53689"}],"curies":[{"name":"wp","href":"https:\/\/api.w.org\/{rel}","templated":true}]}}