{"id":53245,"date":"2018-07-15T00:00:21","date_gmt":"2018-07-14T22:00:21","guid":{"rendered":"https:\/\/smago.de\/?p=53245"},"modified":"2018-07-14T12:54:47","modified_gmt":"2018-07-14T10:54:47","slug":"faeaeschtbaenklerdie-faeaeschtbaenklern-erobern-mit-ihrer-neuen-cd-partyplanet-die-charts","status":"publish","type":"post","link":"https:\/\/smago.de\/ws2\/uncategorized\/faeaeschtbaenklerdie-faeaeschtbaenklern-erobern-mit-ihrer-neuen-cd-partyplanet-die-charts\/","title":{"rendered":"F\u00c4\u00c4SCHTB\u00c4NKLER<br>Die F\u00e4\u00e4schtb\u00e4nklern erobern mit ihrer neuen CD &#8222;Partyplanet&#8220; die Charts!"},"content":{"rendered":"<p>Und zwar in Deutschland, \u00d6sterreich UND in der Schweiz !!!<br \/>\n<!-more-><\/p>\n<p style=\"text-align: justify;\">Ohne eine gro\u00dfe Plattenfirma im Hintergrund, ist den F\u00c4\u00c4SCHTB\u00c4NKLERn mit ihrem neuen Album &#8222;Partyplanet&#8220; ein Volltreffer gelungen: Die CD konnte sich sowohl in Deutschland als auch in \u00d6sterreich UND in der Schweiz in den Charts platzieren.<\/p>\n<p style=\"text-align: justify;\">Witzigerweise haben sie es in \u00d6sterreich UND in der Schweiz aus dem Stand auf Platz 13 geschafft; in Deutschland d\u00fcrfen sie sich \u00fcber Rang 84 freuen.<\/p>\n<p style=\"text-align: justify;\">In der Rubrik &#8222;Schlager&#8220; schafften sie es bei Amazon bis auf Position 4. In der Kategorie &#8222;Volksmusik&#8220; sogar auf Platz 2.<\/p>\n<p>Das Management der F\u00e4\u00e4schtb\u00e4nkler obliegt Martin Simma, der u. a. auch alle F\u00e4den von voXXclub in der Hand h\u00e4lt.<\/p>\n<p>&nbsp;<\/p>\n<p><iframe loading=\"lazy\" title=\"Can you english please - F\u00e4aschtb\u00e4nkler (Original)\" width=\"800\" height=\"450\" src=\"https:\/\/www.youtube.com\/embed\/ASdGtWSK6EU?feature=oembed\" frameborder=\"0\" allow=\"accelerometer; autoplay; encrypted-media; gyroscope; picture-in-picture\" allowfullscreen><\/iframe><\/p>\n<p>&nbsp;<\/p>\n<p>&nbsp;<\/p>\n<p><iframe loading=\"lazy\" title=\"F\u00e4aschtb\u00e4nkler - Gl\u00fcck\" width=\"800\" height=\"450\" src=\"https:\/\/www.youtube.com\/embed\/rGbmKLJlsB0?feature=oembed\" frameborder=\"0\" allow=\"accelerometer; autoplay; encrypted-media; gyroscope; picture-in-picture\" allowfullscreen><\/iframe><\/p>\n<p>&nbsp;<\/p>\n<p>&nbsp;<\/p>\n<p><iframe loading=\"lazy\" title=\"F\u00e4aschtb\u00e4nkler - Woodstock der Blasmusik 2018\" width=\"800\" height=\"450\" src=\"https:\/\/www.youtube.com\/embed\/b92II1ZMZxE?feature=oembed\" frameborder=\"0\" allow=\"accelerometer; autoplay; encrypted-media; gyroscope; picture-in-picture\" allowfullscreen><\/iframe><\/p>\n<p>&nbsp;<\/p>\n<p>&nbsp;<\/p>\n<p><iframe loading=\"lazy\" title=\"F\u00e4aschtb\u00e4nkler - Welt voller Wunder\" width=\"800\" height=\"450\" src=\"https:\/\/www.youtube.com\/embed\/kpOD-HfyrXs?feature=oembed\" frameborder=\"0\" allow=\"accelerometer; autoplay; encrypted-media; gyroscope; picture-in-picture\" allowfullscreen><\/iframe><\/p>\n<p>&nbsp;<\/p>\n<p>&nbsp;<\/p>\n<p><iframe loading=\"lazy\" title=\"f\u00e4aschtb\u00e4nkler - 24 genres\" width=\"800\" height=\"450\" src=\"https:\/\/www.youtube.com\/embed\/qPIB5chGn64?feature=oembed\" frameborder=\"0\" allow=\"accelerometer; autoplay; encrypted-media; gyroscope; picture-in-picture\" allowfullscreen><\/iframe><\/p>\n<p>&nbsp;<\/p>\n<p>&nbsp;<\/p>\n","protected":false},"excerpt":{"rendered":"<p>Und zwar in Deutschland, \u00d6sterreich UND in der Schweiz !!! Ohne eine gro\u00dfe Plattenfirma im Hintergrund, ist den F\u00c4\u00c4SCHTB\u00c4NKLERn mit<\/p>\n","protected":false},"author":2,"featured_media":53246,"comment_status":"open","ping_status":"closed","sticky":false,"template":"","format":"standard","meta":{"_FSMCFIC_featured_image_caption":"","_FSMCFIC_featured_image_nocaption":"","_FSMCFIC_featured_image_hide":""},"categories":[1],"tags":[228],"acf":[],"_links":{"self":[{"href":"https:\/\/smago.de\/ws2\/wp-json\/wp\/v2\/posts\/53245"}],"collection":[{"href":"https:\/\/smago.de\/ws2\/wp-json\/wp\/v2\/posts"}],"about":[{"href":"https:\/\/smago.de\/ws2\/wp-json\/wp\/v2\/types\/post"}],"author":[{"embeddable":true,"href":"https:\/\/smago.de\/ws2\/wp-json\/wp\/v2\/users\/2"}],"replies":[{"embeddable":true,"href":"https:\/\/smago.de\/ws2\/wp-json\/wp\/v2\/comments?post=53245"}],"version-history":[{"count":1,"href":"https:\/\/smago.de\/ws2\/wp-json\/wp\/v2\/posts\/53245\/revisions"}],"predecessor-version":[{"id":53247,"href":"https:\/\/smago.de\/ws2\/wp-json\/wp\/v2\/posts\/53245\/revisions\/53247"}],"wp:featuredmedia":[{"embeddable":true,"href":"https:\/\/smago.de\/ws2\/wp-json\/wp\/v2\/media\/53246"}],"wp:attachment":[{"href":"https:\/\/smago.de\/ws2\/wp-json\/wp\/v2\/media?parent=53245"}],"wp:term":[{"taxonomy":"category","embeddable":true,"href":"https:\/\/smago.de\/ws2\/wp-json\/wp\/v2\/categories?post=53245"},{"taxonomy":"post_tag","embeddable":true,"href":"https:\/\/smago.de\/ws2\/wp-json\/wp\/v2\/tags?post=53245"}],"curies":[{"name":"wp","href":"https:\/\/api.w.org\/{rel}","templated":true}]}}