{"id":53098,"date":"2018-07-12T00:00:43","date_gmt":"2018-07-11T22:00:43","guid":{"rendered":"https:\/\/smago.de\/?p=53098"},"modified":"2018-07-11T20:29:29","modified_gmt":"2018-07-11T18:29:29","slug":"sandrowissenswertes-ueber-sein-zweites-album-rendezvous","status":"publish","type":"post","link":"https:\/\/smago.de\/ws2\/pop-schlager\/sandrowissenswertes-ueber-sein-zweites-album-rendezvous\/","title":{"rendered":"SANDRO<br>Wissenswertes \u00fcber sein zweites Album &#8222;Rendezvous&#8220;!"},"content":{"rendered":"<p style=\"text-align: justify;\">Die CD erscheint jetzt final am 17. August 2018!<br \/>\n<!-more-><\/p>\n<div id=\"content\" class=\"site-content\">\n<div id=\"primary\" class=\"content-area\">\n<article id=\"post-4915\" class=\"post-4915 page type-page status-publish has-post-thumbnail hentry\">\n<div class=\"entry-content\">\n<div id=\"fact\" class=\"singleNaviPoint shortme shortend bbb-insite-nav-active\" data-name=\"Albumfact\" data-bgcolor=\"#CACACA\">\n<p style=\"text-align: justify;\">Beim Gedanken an ein Rendezvous mit Sandro, der im vergangenen Jahr mit seinem Deb\u00fct-Album \u201cVerliebt\u201d voll durchstartete, schlagen viele M\u00e4dchen-Herzen h\u00f6her. Nun erf\u00fcllt der junge Schlager-S\u00e4nger seinen Fans diesen Traum auf musikalische Art und Weise \u2013 mit seinem zweiten Album, das genau diesen vielversprechenden Titel tr\u00e4gt: \u201cRendezvous\u201d. Die Ver\u00f6ffentlichung ist am 17.August 2018 geplant.<\/p>\n<div class=\"button_more bbb_hidden\" style=\"text-align: justify;\" data-id=\"fact\"><\/div>\n<p class=\"bbb_show\" style=\"text-align: justify;\">Bei dem klangvollen Tete-\u00e0-Tete mit Sandro dreht sich nat\u00fcrlich wieder alles rund um das Thema \u201eLiebe\u201c. Facettenreich, schwungvoll, emotional und mit einer \u201eDancefloor-Garantie\u201c versehen, versprechen die 13 brandneuen Lieder des Jung-Stars Musik f\u00fcr viele unvergessliche Momente! Ein Album zum Tr\u00e4umen, Lieben und Feiern.<\/p>\n<p class=\"bbb_show\" style=\"text-align: justify;\">Treibend und explosiv mutet bereits der Titelsong \u201eRendezvous\u201c an. Sandro beschreibt die Schmetterlinge in seinem Bauch nicht nur. Nein, er l\u00e4sst sie uns f\u00fchlen und verspricht: \u201eIch lass Dich heute Nacht nicht ohne mich gehen\u201c! Die mitrei\u00dfenden Dance-Beats bringen das Blut sofort in Wallung und dem bet\u00f6renden Rhythmus kann sich kaum jemand entziehen. Mit dem Song \u201eFlieg mit mir heute Nacht\u201c schl\u00e4gt Sandro zwar ruhigere, aber dennoch dancefloor-reife T\u00f6ne an. Es liegt knisternde Erotik, Leidenschaft und ein Hauch von \u201eEwigkeit in jedem Augenblick\u201c. Auch in \u201eDas erste Mal\u201c geht es hei\u00df her! Der hitzige Sound und die flirrenden Elemente lassen uns an der emotionsgeladenen Stimmung teilhaben. Erwartungsvolle Aufregung macht sich breit, denn es ist \u201edas erste Mal mit Dir, und wie beim ersten Mal, hab ich weiche Knie\u201c. Das Lied \u201eWellenreiter\u201c strotzt nur so vor Optimismus, Zuversicht und Lebensfreude! Es schenkt dem H\u00f6rer eine geh\u00f6rige Portion Mut und Motivation. \u201eKein Sturm h\u00e4lt uns auf\u201c, dessen ist sich Sandro sicher und blickt hoffnungsvoll in die Zukunft. Wir \u201elassen uns einfach treiben, auch in schweren Zeiten, nach vorn und nie zur\u00fcck\u201c! Nicht nur der Text, auch die Melodie ist mitrei\u00dfend, ausgelassen und euphorisch. Mit \u201eAlles oder nichts\u201c geht Sandro schlie\u00dflich auf\u2019s Ganze. Er setzt alles auf eine Karte und stellt die ultimative Frage: \u201eWillst du alles oder nichts? Willst du alles oder mich?\u201c Und die Fans wollen ihn, ihren Sandro, der mit dem neuen Album \u201eRendezvous\u201c vom ersten bis zum letzten Moment zeitgen\u00f6ssischen Pop-Schlager vom Feinsten mit viel Herz und prickelnder Leidenschaft liefert.<\/p>\n<p class=\"bbb_show\" style=\"text-align: justify;\">Sandro wurde 1993 in Essen geboren und tritt mit seiner Gesangs-Karriere in die Fu\u00dfstapfen seines erfolgreichen Vaters, Freddy Malinowski, der dem popul\u00e4ren Schlagerduo \u201cFantasy\u201d angeh\u00f6rt. Sein musikalisches Talent wurde Sandro also regelrecht in die Wiege gelegt. Bei einem spontanen Auftritt bei der Fantasy-Sommernacht 2014 in Aspach konnte er erstmals ein gr\u00f6\u00dferes Publikum mit seiner stimmlichen Leistung und jeder Menge Gef\u00fchl \u00fcberzeugen. Den n\u00e4chsten Meilenstein auf seinem Weg ins Schlagergesch\u00e4ft erklomm er dann zwei Jahre sp\u00e4ter, als er an dem beliebten Castingformat \u201cDeutschland sucht den Superstar\u201d teilnahm. Von da an ging es f\u00fcr den sympathischen jungen Mann steil bergauf. Sandro unterzeichnete seinen ersten Plattenvertrag, konnte sich mit dem Album \u201cVerliebt\u201d direkt den 5. Platz der offiziellen Deutschen Charts sichern und legte einen beeindruckenden Auftritt in der Show von Florian Silbereisen hin. Und auch bei Live-Konzerten bewies Sandro einmal mehr sein Talent, das Publikum zu begeistern: Mit der gro\u00dfen Schlagerhitparade tourte er in der vergangenen Saison durch die Lande und absolvierte rund 60 Auftritte. An diese Erfolge kn\u00fcpft er nun mit seinen neuen Songs an.<\/p>\n<\/div>\n<\/div>\n<\/article>\n<\/div>\n<\/div>\n","protected":false},"excerpt":{"rendered":"<p>Die CD erscheint jetzt final am 17. August 2018! Beim Gedanken an ein Rendezvous mit Sandro, der im vergangenen Jahr<\/p>\n","protected":false},"author":2,"featured_media":53107,"comment_status":"open","ping_status":"closed","sticky":false,"template":"","format":"standard","meta":{"_FSMCFIC_featured_image_caption":"","_FSMCFIC_featured_image_nocaption":"","_FSMCFIC_featured_image_hide":""},"categories":[28,39],"tags":[212],"acf":[],"_links":{"self":[{"href":"https:\/\/smago.de\/ws2\/wp-json\/wp\/v2\/posts\/53098"}],"collection":[{"href":"https:\/\/smago.de\/ws2\/wp-json\/wp\/v2\/posts"}],"about":[{"href":"https:\/\/smago.de\/ws2\/wp-json\/wp\/v2\/types\/post"}],"author":[{"embeddable":true,"href":"https:\/\/smago.de\/ws2\/wp-json\/wp\/v2\/users\/2"}],"replies":[{"embeddable":true,"href":"https:\/\/smago.de\/ws2\/wp-json\/wp\/v2\/comments?post=53098"}],"version-history":[{"count":3,"href":"https:\/\/smago.de\/ws2\/wp-json\/wp\/v2\/posts\/53098\/revisions"}],"predecessor-version":[{"id":53109,"href":"https:\/\/smago.de\/ws2\/wp-json\/wp\/v2\/posts\/53098\/revisions\/53109"}],"wp:featuredmedia":[{"embeddable":true,"href":"https:\/\/smago.de\/ws2\/wp-json\/wp\/v2\/media\/53107"}],"wp:attachment":[{"href":"https:\/\/smago.de\/ws2\/wp-json\/wp\/v2\/media?parent=53098"}],"wp:term":[{"taxonomy":"category","embeddable":true,"href":"https:\/\/smago.de\/ws2\/wp-json\/wp\/v2\/categories?post=53098"},{"taxonomy":"post_tag","embeddable":true,"href":"https:\/\/smago.de\/ws2\/wp-json\/wp\/v2\/tags?post=53098"}],"curies":[{"name":"wp","href":"https:\/\/api.w.org\/{rel}","templated":true}]}}