{"id":53071,"date":"2018-07-10T00:00:46","date_gmt":"2018-07-09T22:00:46","guid":{"rendered":"https:\/\/smago.de\/?p=53071"},"modified":"2018-07-09T18:34:18","modified_gmt":"2018-07-09T16:34:18","slug":"uschi-glas-vanessa-mai-u-a-thomas-gottschalk-praesentiert-die-grosse-68er-show-diesen-herbst-im-zdf","status":"publish","type":"post","link":"https:\/\/smago.de\/ws2\/schlager\/uschi-glas-vanessa-mai-u-a-thomas-gottschalk-praesentiert-die-grosse-68er-show-diesen-herbst-im-zdf\/","title":{"rendered":"USCHI GLAS, VANESSA MAI u.a.<br>Thomas Gottschalk pr\u00e4sentiert die gro\u00dfe 68er Show \u2013 diesen Herbst im ZDF!"},"content":{"rendered":"<p style=\"text-align: justify;\">&#8222;Gottschalks gro\u00dfe 68er Show&#8220; wird am 6. September 2018 aufgezeichnet und voraussichtlich im Oktober ausgestrahlt!<\/p>\n<p>&nbsp;<\/p>\n<p><!-more-><\/p>\n<p>Ein einziges Jahr kann die Welt ver\u00e4ndern: Das ZDF feiert das 50-j\u00e4hrige Jubil\u00e4um der &#8222;wilden 68er&#8220; in einer gro\u00dfen Samstagabendshow. Thomas Gottschalk l\u00e4sst mit prominenten G\u00e4sten und &#8222;echten&#8220; 68ern das Lebensgef\u00fchl einer Generation wieder aufleben.<\/p>\n<p>Gemeinsam mit zahlreichen Weggef\u00e4hrten und Zeitzeugen blickt Thomas Gottschalk zur\u00fcck auf eine pr\u00e4gende Zeit und 50 Jahre gute Musik. Im Hamburger Mehr!Theater begr\u00fc\u00dft er Weltstar Peter Fonda, Uschi Glas, Claudia Roth und weitere \u00dcberraschungsg\u00e4ste. Zu den internationalen Stars des Abends z\u00e4hlen Musiklegenden wie Melanie, Donovan, Chris Thompson und The Box Tops.<\/p>\n<p style=\"text-align: justify;\">Au\u00dferdem \u00fcberraschen Wolfgang Niedecken, Katie Melua, Vanessa Mai, David Garrett, Stefanie Heinzmann und viele andere mit eigenen Live-Interpretationen von bekannten 68er-Songs.<\/p>\n<p style=\"text-align: justify;\">Das Best Of der Flower-Power-Hits wird musikalisch begleitet von Deutschlands bekanntester Fernsehband, den Heavytones.<\/p>\n<p>&#8222;Gottschalks gro\u00dfe 68er Show&#8220; wird am 6. September aufgezeichnet und voraussichtlich im Oktober ausgestrahlt.<\/p>\n","protected":false},"excerpt":{"rendered":"<p>&#8222;Gottschalks gro\u00dfe 68er Show&#8220; wird am 6. September 2018 aufgezeichnet und voraussichtlich im Oktober ausgestrahlt! &nbsp; Ein einziges Jahr kann<\/p>\n","protected":false},"author":2,"featured_media":53072,"comment_status":"open","ping_status":"closed","sticky":false,"template":"","format":"standard","meta":{"_FSMCFIC_featured_image_caption":"","_FSMCFIC_featured_image_nocaption":"","_FSMCFIC_featured_image_hide":""},"categories":[29,39],"tags":[247],"acf":[],"_links":{"self":[{"href":"https:\/\/smago.de\/ws2\/wp-json\/wp\/v2\/posts\/53071"}],"collection":[{"href":"https:\/\/smago.de\/ws2\/wp-json\/wp\/v2\/posts"}],"about":[{"href":"https:\/\/smago.de\/ws2\/wp-json\/wp\/v2\/types\/post"}],"author":[{"embeddable":true,"href":"https:\/\/smago.de\/ws2\/wp-json\/wp\/v2\/users\/2"}],"replies":[{"embeddable":true,"href":"https:\/\/smago.de\/ws2\/wp-json\/wp\/v2\/comments?post=53071"}],"version-history":[{"count":2,"href":"https:\/\/smago.de\/ws2\/wp-json\/wp\/v2\/posts\/53071\/revisions"}],"predecessor-version":[{"id":53074,"href":"https:\/\/smago.de\/ws2\/wp-json\/wp\/v2\/posts\/53071\/revisions\/53074"}],"wp:featuredmedia":[{"embeddable":true,"href":"https:\/\/smago.de\/ws2\/wp-json\/wp\/v2\/media\/53072"}],"wp:attachment":[{"href":"https:\/\/smago.de\/ws2\/wp-json\/wp\/v2\/media?parent=53071"}],"wp:term":[{"taxonomy":"category","embeddable":true,"href":"https:\/\/smago.de\/ws2\/wp-json\/wp\/v2\/categories?post=53071"},{"taxonomy":"post_tag","embeddable":true,"href":"https:\/\/smago.de\/ws2\/wp-json\/wp\/v2\/tags?post=53071"}],"curies":[{"name":"wp","href":"https:\/\/api.w.org\/{rel}","templated":true}]}}