{"id":52908,"date":"2018-07-04T23:09:27","date_gmt":"2018-07-04T21:09:27","guid":{"rendered":"https:\/\/smago.de\/?p=52908"},"modified":"2018-07-04T23:10:19","modified_gmt":"2018-07-04T21:10:19","slug":"smago-informiertlaerm-muell-alkohol-zdf-reportage-ueber-die-partyzone-innenstadt","status":"publish","type":"post","link":"https:\/\/smago.de\/ws2\/smago-informiert\/smago-informiertlaerm-muell-alkohol-zdf-reportage-ueber-die-partyzone-innenstadt\/","title":{"rendered":"smago! INFORMIERT<br>L\u00e4rm, M\u00fcll, Alkohol: &#8222;ZDF.reportage&#8220; \u00fcber die Partyzone Innenstadt!"},"content":{"rendered":"<p>Zwischen dem lautstarken Partyvolk und den schlaflosen Anwohnern tobt ein erbitterter Interessenkonflikt, der die St\u00e4dte immer h\u00e4ufiger zum Handeln zwingt &#8230;:<br \/>\n<!-more-><\/p>\n<p>&nbsp;<\/p>\n<p style=\"text-align: justify;\">Zoff um n\u00e4chtlichen L\u00e4rm in der Innenstadt \u2013 die einen wollen feiern, die anderen ihre Ruhe. Zwischen dem lautstarken Partyvolk und den schlaflosen Anwohnern tobt ein erbitterter Interessenkonflikt, der die St\u00e4dte immer h\u00e4ufiger zum Handeln zwingt. Die &#8222;ZDF.reportage: Partyzone Innenstadt \u2013 L\u00e4rm, M\u00fcll, Alkohol&#8220; berichtet am Sonntag, 8. Juli 2018, 18.00 Uhr, \u00fcber den Streit zwischen Feierw\u00fctigen und Anwohnern, die unter der L\u00e4rmbel\u00e4stigung leiden.<\/p>\n<p>In M\u00fcnchen ist der G\u00e4rtnerplatz mit seiner gro\u00dfen Insel inmitten des Kreisverkehrs ein Hotspot. Bei sch\u00f6nem Sommerwetter treffen sich dort Hunderte, trinken, machen Musik und zelebrieren das urbane Leben. Die mitgebrachten Musikanlagen, Verst\u00e4rker und Musikinstrumente produzieren Dezibel-Werte, die f\u00fcr die Anwohner schwer zu tolerieren sind. Die Stadt versucht, dem Problem der n\u00e4chtlichen Ruhest\u00f6rung mit einer neuen Eingreiftruppe beizukommen: Das &#8222;Allparteiliche Konfliktmanagement in M\u00fcnchen&#8220; des Sozialreferats (AKIM) soll helfen. Am Wochenende drehen die Teams bis 4.00 Uhr ihre Runden \u00fcber den G\u00e4rtnerplatz und durch das benachbarte Glockenbachviertel.<\/p>\n<p>Auch im beschaulichen Ahlen, im westf\u00e4lischen M\u00fcnsterland, streiten sich Anwohner und Feiernde. Mitten in der Stadt sorgt seit Jahren eine kleine Diskothek f\u00fcr gro\u00dfen \u00c4rger. Die Nachbarn klagen \u00fcber wummernde B\u00e4sse bis tief in die Nacht, lautstarke Pr\u00fcgeleien und sturzbetrunkene Wildpinkler. In den 90er Jahren, als das heutige Wohngebiet so noch nicht existierte, hatte die Stadt die Genehmigung zum Betrieb einer Diskothek erteilt. Deshalb genie\u00dft die Ahlener Innenstadtdisko quasi Bestandsschutz \u2013 sehr zum \u00c4rger der Anlieger.<\/p>\n<p>In der 100 000-Einwohner-Stadt Cottbus in Brandenburg greifen Polizei und Ordnungsamt inzwischen zu drastischen Ma\u00dfnahmen, um L\u00e4rm und Krawall auf den \u00f6ffentlichen Pl\u00e4tzen der Stadt in den Griff zu bekommen. Es gilt ein Alkoholverbot, dessen Einhaltung streng kontrolliert wird. Die Stadt hatte 2017 die Notbremse gezogen, weil Gruppen aus dem Trinker- und Drogenmilieu, Rechtsextreme und Fl\u00fcchtlinge vor der Stadthalle und im nahe gelegenen Puschkinpark wiederholt aneinandergeraten waren und es zu Schl\u00e4gereien gekommen war. Die Stadt glaubt, mit dem Verbot das Problem in den Griff zu bekommen. Aber halten sich alle daran? Oder verlagert sich das Geschehen in andere Zonen der Stadt?<\/p>\n<p><em>Textquelle: ZDF<\/em><\/p>\n","protected":false},"excerpt":{"rendered":"<p>Zwischen dem lautstarken Partyvolk und den schlaflosen Anwohnern tobt ein erbitterter Interessenkonflikt, der die St\u00e4dte immer h\u00e4ufiger zum Handeln zwingt<\/p>\n","protected":false},"author":2,"featured_media":52909,"comment_status":"open","ping_status":"closed","sticky":false,"template":"","format":"standard","meta":{"_FSMCFIC_featured_image_caption":"","_FSMCFIC_featured_image_nocaption":"","_FSMCFIC_featured_image_hide":""},"categories":[33],"tags":[60],"acf":[],"_links":{"self":[{"href":"https:\/\/smago.de\/ws2\/wp-json\/wp\/v2\/posts\/52908"}],"collection":[{"href":"https:\/\/smago.de\/ws2\/wp-json\/wp\/v2\/posts"}],"about":[{"href":"https:\/\/smago.de\/ws2\/wp-json\/wp\/v2\/types\/post"}],"author":[{"embeddable":true,"href":"https:\/\/smago.de\/ws2\/wp-json\/wp\/v2\/users\/2"}],"replies":[{"embeddable":true,"href":"https:\/\/smago.de\/ws2\/wp-json\/wp\/v2\/comments?post=52908"}],"version-history":[{"count":2,"href":"https:\/\/smago.de\/ws2\/wp-json\/wp\/v2\/posts\/52908\/revisions"}],"predecessor-version":[{"id":52911,"href":"https:\/\/smago.de\/ws2\/wp-json\/wp\/v2\/posts\/52908\/revisions\/52911"}],"wp:featuredmedia":[{"embeddable":true,"href":"https:\/\/smago.de\/ws2\/wp-json\/wp\/v2\/media\/52909"}],"wp:attachment":[{"href":"https:\/\/smago.de\/ws2\/wp-json\/wp\/v2\/media?parent=52908"}],"wp:term":[{"taxonomy":"category","embeddable":true,"href":"https:\/\/smago.de\/ws2\/wp-json\/wp\/v2\/categories?post=52908"},{"taxonomy":"post_tag","embeddable":true,"href":"https:\/\/smago.de\/ws2\/wp-json\/wp\/v2\/tags?post=52908"}],"curies":[{"name":"wp","href":"https:\/\/api.w.org\/{rel}","templated":true}]}}