{"id":52870,"date":"2018-07-03T00:00:54","date_gmt":"2018-07-02T22:00:54","guid":{"rendered":"https:\/\/smago.de\/?p=52870"},"modified":"2018-07-02T23:44:12","modified_gmt":"2018-07-02T21:44:12","slug":"smago-informiertrtl-n-tv-trendbarometer-umfrage-staerkt-bundestrainer-loew-den-ruecken","status":"publish","type":"post","link":"https:\/\/smago.de\/ws2\/smago-kolumne\/smago-informiertrtl-n-tv-trendbarometer-umfrage-staerkt-bundestrainer-loew-den-ruecken\/","title":{"rendered":"smago! INFORMIERT<br>RTL\/n-tv-Trendbarometer: Umfrage st\u00e4rkt Bundestrainer L\u00f6w den R\u00fccken!"},"content":{"rendered":"<div class=\"wrap stickysubnav\">\n<div class=\"container content leftpush\">\n<div class=\"contentwrap ohneheader\">\n<div id=\"pressemitteilungDetail\" class=\"row\">\n<div class=\"col-md-8 col-md-offset-2\">\n<div class=\"row\">\n<div class=\"col-md-12\">\n<div class=\"pressemitteilung\">\n<div class=\"row\">\n<div class=\"col-lg-9 col-md-8 col-sm-9 col-xs-12\">\n<div class=\"text\">\n<p>Die Frage lautete: Sollte Joachim L\u00f6w zur\u00fccktreten?<\/p>\n<\/div>\n<\/div>\n<\/div>\n<\/div>\n<\/div>\n<\/div>\n<\/div>\n<\/div>\n<\/div>\n<\/div>\n<\/div>\n<p><!-more-><\/p>\n<p>&nbsp;<\/p>\n<div class=\"text\">\n<p style=\"text-align: justify;\">R\u00fcckendeckung f\u00fcr Jogi! Knapp die H\u00e4lfte der Deutschen (48 %) ist dagegen, dass Joachim L\u00f6w nach dem WM-Debakel als Bundestrainer zur\u00fccktritt. 37 Prozent der B\u00fcrger in Deutschland sind dagegen der Meinung, dass der 58-J\u00e4hrige zur\u00fccktreten sollte.<\/p>\n<\/div>\n<div class=\"text\">\n<p style=\"text-align: justify;\">Das hat forsa in einer aktuellen, repr\u00e4sentativen Umfrage f\u00fcr das RTL\/n-tv-Trendbarometer im Auftrag von &#8222;RTL aktuell&#8220; ermittelt. Bei den Fu\u00dfballinteressierten weist die Umfrage allerdings ein anderes Stimmungsbild aus: Hier bef\u00fcrworten 49 Prozent einen R\u00fccktritt (Nein: 45 %)!<\/p>\n<p>Bei Verwendung Quellenhinweis &#8222;RTL\/n-tv-Trendbarometer im Auftrag von RTL Aktuell&#8220; beachten!<\/p>\n<p>Datenbasis: Datenbasis: 1.006 Befragte; Erhebungszeitraum: 28. und 29. Juni 2018<\/p>\n<p><strong>Frage: Sollte Joachim L\u00f6w zur\u00fccktreten?<\/p>\n<p><\/strong><\/p>\n<p><em>Textquelle: Mediengruppe RTL Deutschland<\/em><strong><br \/>\n<\/strong><\/p>\n<\/div>\n<p>&nbsp;<\/p>\n","protected":false},"excerpt":{"rendered":"<p>Die Frage lautete: Sollte Joachim L\u00f6w zur\u00fccktreten? &nbsp; R\u00fcckendeckung f\u00fcr Jogi! Knapp die H\u00e4lfte der Deutschen (48 %) ist dagegen,<\/p>\n","protected":false},"author":2,"featured_media":51685,"comment_status":"open","ping_status":"closed","sticky":false,"template":"","format":"standard","meta":{"_FSMCFIC_featured_image_caption":"","_FSMCFIC_featured_image_nocaption":"","_FSMCFIC_featured_image_hide":""},"categories":[34],"tags":[60],"acf":[],"_links":{"self":[{"href":"https:\/\/smago.de\/ws2\/wp-json\/wp\/v2\/posts\/52870"}],"collection":[{"href":"https:\/\/smago.de\/ws2\/wp-json\/wp\/v2\/posts"}],"about":[{"href":"https:\/\/smago.de\/ws2\/wp-json\/wp\/v2\/types\/post"}],"author":[{"embeddable":true,"href":"https:\/\/smago.de\/ws2\/wp-json\/wp\/v2\/users\/2"}],"replies":[{"embeddable":true,"href":"https:\/\/smago.de\/ws2\/wp-json\/wp\/v2\/comments?post=52870"}],"version-history":[{"count":1,"href":"https:\/\/smago.de\/ws2\/wp-json\/wp\/v2\/posts\/52870\/revisions"}],"predecessor-version":[{"id":52871,"href":"https:\/\/smago.de\/ws2\/wp-json\/wp\/v2\/posts\/52870\/revisions\/52871"}],"wp:featuredmedia":[{"embeddable":true,"href":"https:\/\/smago.de\/ws2\/wp-json\/wp\/v2\/media\/51685"}],"wp:attachment":[{"href":"https:\/\/smago.de\/ws2\/wp-json\/wp\/v2\/media?parent=52870"}],"wp:term":[{"taxonomy":"category","embeddable":true,"href":"https:\/\/smago.de\/ws2\/wp-json\/wp\/v2\/categories?post=52870"},{"taxonomy":"post_tag","embeddable":true,"href":"https:\/\/smago.de\/ws2\/wp-json\/wp\/v2\/tags?post=52870"}],"curies":[{"name":"wp","href":"https:\/\/api.w.org\/{rel}","templated":true}]}}