{"id":52821,"date":"2018-06-30T00:00:39","date_gmt":"2018-06-29T22:00:39","guid":{"rendered":"https:\/\/smago.de\/?p=52821"},"modified":"2018-06-29T22:37:36","modified_gmt":"2018-06-29T20:37:36","slug":"zdfdas-zdf-in-der-digitalen-welt","status":"publish","type":"post","link":"https:\/\/smago.de\/ws2\/smago-informiert\/zdfdas-zdf-in-der-digitalen-welt\/","title":{"rendered":"&#8222;ZDF&#8220;<br>Das ZDF in der digitalen Welt:"},"content":{"rendered":"<p>Intendant Bellut: &#8222;Mediathek wird gleichwertiger Verbreitungsweg&#8220;!<\/p>\n<p><!-more-><\/p>\n<p style=\"text-align: justify;\">&#8222;Das ZDF ist auf seinem Weg in die digitale Zukunft gut auf Kurs&#8220;, so bilanziert Intendant Dr. Thomas Bellut seinen Bericht \u00fcber Aktivit\u00e4ten und strategische \u00dcberlegungen des ZDF jenseits der linearen Programme. Vor dem ZDF-Fernsehrat erkl\u00e4rte Bellut in Mainz, die Netzangebote seien nicht l\u00e4nger ein Anh\u00e4ngsel des linearen Fernsehens. Sie haben sich zu einem eigenst\u00e4ndigen, mittelfristig gleichwertigen Verbreitungsweg entwickelt. Daher, so Bellut, werde das ZDF seine Mediathek inhaltlich und technologisch weiter st\u00e4rken.<\/p>\n<p>Bellut: &#8222;In Zeiten von Streamingdiensten und Video-on-Demand-Angeboten bewegen sich immer mehr Zuschauer und Nutzer in der digitalen Welt. Sie empfangen Nachrichten zuerst auf dem Handy, schauen ganze Staffeln ihrer Lieblingsserien am St\u00fcck und holen sich Programm-Tipps in den sozialen Medien. Um diese Zielgruppen weiter erreichen zu k\u00f6nnen, m\u00fcssen wir die non-linearen Angebote ausbauen.&#8220; Auch die Pr\u00e4senz auf Drittplattformen spiele dabei eine wichtige Rolle. Bellut begr\u00fc\u00dfte in dem Zusammenhang noch einmal die Einigung der L\u00e4nder \u00fcber einen neuen Telemedienauftrag f\u00fcr den \u00f6ffentlich-rechtlichen Rundfunk und die vorausgegangene Verst\u00e4ndigung mit den Verlegern. Bellut: &#8222;Die alten Regeln gibt es seit mehr als zehn Jahren, es hat sich viel getan. Wenn das ZDF etwa seinen Auftrag im Informationsbereich erf\u00fcllen soll, muss es \u00fcber seine Websites und auf Social-Media-Plattformen st\u00e4rkere Pr\u00e4senz zeigen. Daf\u00fcr bekommen wir jetzt mehr Freiheit und k\u00f6nnen zeitgem\u00e4\u00dfe Angebote im Netz machen.&#8220;<\/p>\n<p>Mit der heute.de und der heute-App bietet das ZDF bereits ein speziell auf die Informationsbed\u00fcrfnisse des online-affinen Publikums ausgerichtetes Angebot. Redaktionelle Strukturen und technische Rahmenbedingungen werden dieser Aufgabe angepasst. Mit ungew\u00f6hnlichen Serien wie &#8222;Bad Banks&#8220; oder &#8222;Ku&#8217;damm 59&#8220; hat das ZDF attraktive fiktionale Programmangebote, die in der ZDFmediathek ein zus\u00e4tzliches Publikum erreichen. Mit der Gr\u00fcndung der European Coproduction Alliance hat das ZDF dar\u00fcber hinaus Anfang Mai mit den gro\u00dfen \u00f6ffentlich-rechtlichen europ\u00e4ischen Sendern France T\u00e9l\u00e9vision und RAI vereinbart, sich \u00fcber Koproduktionen f\u00fcr Serien auszutauschen und damit die eigene Position im Wettbewerb zu st\u00e4rken.<\/p>\n","protected":false},"excerpt":{"rendered":"<p>Intendant Bellut: &#8222;Mediathek wird gleichwertiger Verbreitungsweg&#8220;! &#8222;Das ZDF ist auf seinem Weg in die digitale Zukunft gut auf Kurs&#8220;, so<\/p>\n","protected":false},"author":2,"featured_media":52320,"comment_status":"open","ping_status":"closed","sticky":false,"template":"","format":"standard","meta":{"_FSMCFIC_featured_image_caption":"","_FSMCFIC_featured_image_nocaption":"","_FSMCFIC_featured_image_hide":""},"categories":[33],"tags":[135],"acf":[],"_links":{"self":[{"href":"https:\/\/smago.de\/ws2\/wp-json\/wp\/v2\/posts\/52821"}],"collection":[{"href":"https:\/\/smago.de\/ws2\/wp-json\/wp\/v2\/posts"}],"about":[{"href":"https:\/\/smago.de\/ws2\/wp-json\/wp\/v2\/types\/post"}],"author":[{"embeddable":true,"href":"https:\/\/smago.de\/ws2\/wp-json\/wp\/v2\/users\/2"}],"replies":[{"embeddable":true,"href":"https:\/\/smago.de\/ws2\/wp-json\/wp\/v2\/comments?post=52821"}],"version-history":[{"count":1,"href":"https:\/\/smago.de\/ws2\/wp-json\/wp\/v2\/posts\/52821\/revisions"}],"predecessor-version":[{"id":52822,"href":"https:\/\/smago.de\/ws2\/wp-json\/wp\/v2\/posts\/52821\/revisions\/52822"}],"wp:featuredmedia":[{"embeddable":true,"href":"https:\/\/smago.de\/ws2\/wp-json\/wp\/v2\/media\/52320"}],"wp:attachment":[{"href":"https:\/\/smago.de\/ws2\/wp-json\/wp\/v2\/media?parent=52821"}],"wp:term":[{"taxonomy":"category","embeddable":true,"href":"https:\/\/smago.de\/ws2\/wp-json\/wp\/v2\/categories?post=52821"},{"taxonomy":"post_tag","embeddable":true,"href":"https:\/\/smago.de\/ws2\/wp-json\/wp\/v2\/tags?post=52821"}],"curies":[{"name":"wp","href":"https:\/\/api.w.org\/{rel}","templated":true}]}}