{"id":52812,"date":"2018-06-30T00:00:37","date_gmt":"2018-06-29T22:00:37","guid":{"rendered":"https:\/\/smago.de\/?p=52812"},"modified":"2018-06-29T22:22:17","modified_gmt":"2018-06-29T20:22:17","slug":"sesamstrassesesamstrasse-praesentiert-alarm-im-zirkus","status":"publish","type":"post","link":"https:\/\/smago.de\/ws2\/kinderprogramm\/sesamstrassesesamstrasse-praesentiert-alarm-im-zirkus\/","title":{"rendered":"&#8222;SESAMSTRASSE&#8220;<br>&#8222;Sesamstra\u00dfe pr\u00e4sentiert: Alarm im Zirkus&#8220;:"},"content":{"rendered":"<p>NDR produziert Kinderfilm mit Dietmar B\u00e4r! Dreh ab 2. Juli in Hamburg!<\/p>\n<p><!-more-><\/p>\n<p style=\"text-align: justify;\">Auf ins Zirkusabenteuer! Am Montag, 2. Juli, starten in Hamburg die Dreharbeiten zu \u201eAlarm im Zirkus\u201c, einem neuen Fernsehfilm f\u00fcr Kinder mit den Sesamstra\u00dfen-Helden Wolle und Pferd. An ihrer Seite spielen unter anderem Dietmar B\u00e4r, Dorka Gryllus, Alfonso Assor und Mavi Bosse.<\/p>\n<p style=\"text-align: justify;\">Wolle und Pferd m\u00fcssen ihren Freund G\u00fcnni, das sprechende Klo, aus den F\u00e4ngen des Zirkusdirektors Roberto Grimm (Dietmar B\u00e4r) befreien. Dieser hat ihn zusammen mit seinem Gehilfen, der fiesen Ratte Fido, entf\u00fchrt und h\u00e4lt ihn in einem Gitterwagen gefangen. Grimm will G\u00fcnni zwingen, als Sensation in seinem Zirkus aufzutreten, um diesen vor dem Bankrott zu retten. Mit Hilfe von Lotta (Mavi Bosse), der Tochter des Direktors, Olga (Dorka Gryllus), der Ziegendompteurin und Imago (Alfonso Assor), dem alten Zauberer, k\u00f6nnen Wolle und Pferd G\u00fcnni zur Flucht verhelfen \u2013 aber werden sie auch den Zirkus vor dem Untergang bewahren?<\/p>\n<p style=\"text-align: justify;\">Der 50-min\u00fctige Fernsehfilm wird an verschiedenen Drehorten in Hamburg produziert. Hauptmotiv wird das Zelt des Zirkus \u201eAbrax Kadabrax\u201c in Hamburg-Osdorf sein. Hier entsteht eine magische Zirkuswelt voller Artisten, Jongleure, Feuerspucker und echter Tiere \u2013 sie ist der Schauplatz des neuen Abenteuers der beiden Helden Wolle und Pferd.<\/p>\n<p style=\"text-align: justify;\">Der Film \u201eSesamstra\u00dfe pr\u00e4sentiert: Alarm im Zirkus\u201c wird voraussichtlich Weihnachten 2018 als Sonderprogramm im KiKA zu sehen sein. Die Redaktion im NDR hat Holger Hermesmeyer.<\/p>\n","protected":false},"excerpt":{"rendered":"<p>NDR produziert Kinderfilm mit Dietmar B\u00e4r! Dreh ab 2. Juli in Hamburg! Auf ins Zirkusabenteuer! Am Montag, 2. Juli, starten<\/p>\n","protected":false},"author":2,"featured_media":52815,"comment_status":"open","ping_status":"closed","sticky":false,"template":"","format":"standard","meta":{"_FSMCFIC_featured_image_caption":"","_FSMCFIC_featured_image_nocaption":"","_FSMCFIC_featured_image_hide":""},"categories":[20],"tags":[222],"acf":[],"_links":{"self":[{"href":"https:\/\/smago.de\/ws2\/wp-json\/wp\/v2\/posts\/52812"}],"collection":[{"href":"https:\/\/smago.de\/ws2\/wp-json\/wp\/v2\/posts"}],"about":[{"href":"https:\/\/smago.de\/ws2\/wp-json\/wp\/v2\/types\/post"}],"author":[{"embeddable":true,"href":"https:\/\/smago.de\/ws2\/wp-json\/wp\/v2\/users\/2"}],"replies":[{"embeddable":true,"href":"https:\/\/smago.de\/ws2\/wp-json\/wp\/v2\/comments?post=52812"}],"version-history":[{"count":1,"href":"https:\/\/smago.de\/ws2\/wp-json\/wp\/v2\/posts\/52812\/revisions"}],"predecessor-version":[{"id":52813,"href":"https:\/\/smago.de\/ws2\/wp-json\/wp\/v2\/posts\/52812\/revisions\/52813"}],"wp:featuredmedia":[{"embeddable":true,"href":"https:\/\/smago.de\/ws2\/wp-json\/wp\/v2\/media\/52815"}],"wp:attachment":[{"href":"https:\/\/smago.de\/ws2\/wp-json\/wp\/v2\/media?parent=52812"}],"wp:term":[{"taxonomy":"category","embeddable":true,"href":"https:\/\/smago.de\/ws2\/wp-json\/wp\/v2\/categories?post=52812"},{"taxonomy":"post_tag","embeddable":true,"href":"https:\/\/smago.de\/ws2\/wp-json\/wp\/v2\/tags?post=52812"}],"curies":[{"name":"wp","href":"https:\/\/api.w.org\/{rel}","templated":true}]}}