{"id":52745,"date":"2018-06-29T00:00:07","date_gmt":"2018-06-28T22:00:07","guid":{"rendered":"https:\/\/smago.de\/?p=52745"},"modified":"2018-06-28T18:44:31","modified_gmt":"2018-06-28T16:44:31","slug":"wolfgang-niedecken-thomas-quasthoff-u-a-heute-29-06-2018-in-der-talk-show-3nach9-zu-gast","status":"publish","type":"post","link":"https:\/\/smago.de\/ws2\/smago-informiert\/wolfgang-niedecken-thomas-quasthoff-u-a-heute-29-06-2018-in-der-talk-show-3nach9-zu-gast\/","title":{"rendered":"WOLFGANG NIEDECKEN, THOMAS QUASTHOFF u.a.<br>Heute (29.06.2018) in der Talk-Show &#8222;3nach9&#8220; zu Gast!"},"content":{"rendered":"<p style=\"text-align: justify;\">NDR fernsehen, hr fernsehen, 22:00 Uhr &#8211; 00:00 Uhr! Moderation: Judith Rakers und Giovanni di Lorenzo!<br \/>\n<!-more-><\/p>\n<p>Am 29. Juni begr\u00fc\u00dfen Judith Rakers und Giovanni di Lorenzo folgende G\u00e4ste im Weserhaus von Radio Bremen: Journalistin Anne Will, Raumfahrt-Professor Ulrich Walter, Krimi-Autor und Kinderbuch-Autorin Klaus-Peter Wolf und Bettina G\u00f6schl, Scheidungsanw\u00e4ltin Ines Daun, Musiker Thomas Quasthoff, Sportjournalistin Sabine T\u00f6pperwien und BAP-Frontmann Wolfgang Niedecken.<br \/>\nUnsere G\u00e4ste am 29. Juni 2018 im \u00dcberblick:<\/p>\n<p><strong>Anne Will \u2013 Journalistin<\/strong><\/p>\n<p>Anne Will z\u00e4hlt zu den erfolgreichsten Moderatorinnen des deutschen Fernsehens. Mit ihrer Talkshow greift sie seit 2007 regelm\u00e4\u00dfig und erfolgreich politische Themen auf und diskutiert mit ihren G\u00e4sten aktuelle gesellschaftspolitische Fragen. Welche Themen die Journalistin heute besonders besch\u00e4ftigen und ob die Fu\u00dfballweltmeisterschaft nach ihren W\u00fcnschen verl\u00e4uft, erz\u00e4hlt die ehemalige &#8222;Sportschau&#8220;-Moderatorin bei 3nach9.<\/p>\n<p style=\"text-align: justify;\"><strong>\u00a0<\/strong><\/p>\n<p style=\"text-align: justify;\"><strong>Ulrich Walter \u2013 Raumfahrt-Professor<\/strong><\/p>\n<p>Am 6. Juni startet Astronaut Alexander Gerst zum zweiten Mal ins All. Prof. Ulrich Walter ist einer von elf Deutschen, der wei\u00df, wie es dort oben aussieht: Zehn Tage lang umkreiste der Wissenschaftler an Bord der &#8222;Columbia&#8220; die Erde. Heute ist er Professor f\u00fcr Raumfahrttechnik an der TU M\u00fcnchen, forscht und schreibt \u00fcber das Universum. Welchen Herausforderungen sich Gerst im All stellen muss und ob schwarze L\u00f6cher wirklich gef\u00e4hrlich sind, erz\u00e4hlt Ulrich Walter bei 3nach9.<\/p>\n<p>&nbsp;<\/p>\n<p style=\"text-align: justify;\"><strong>Klaus-Peter Wolf und Bettina G\u00f6schl \u2013 Krimi-Autor &amp; Kinderbuch-Autorin<\/strong><\/p>\n<p>Seine Ostfriesenkrimis haben Klaus-Peter Wolf bekannt gemacht. Die Bestseller sind allerdings nur ein Teil seines erfolgreichen Schaffens. Zusammen mit seiner Frau Bettina G\u00f6schl, die mit ihren Kinderliedern regelm\u00e4\u00dfig zu Gast in der KIKA-Sendung &#8222;SingAlarm&#8220; auftritt, hat er bereits zahlreiche Kinderb\u00fccher, darunter die Nordseedetektiv-Reihe, ver\u00f6ffentlicht. Ob die Zusammenarbeit der Eheleute immer harmonisch ist, verraten Beide bei 3nach9.<\/p>\n<p style=\"text-align: justify;\"><strong>Ines Daun \u2013 Scheidungsanw\u00e4ltin<\/strong><\/p>\n<p>Als Scheidungsanw\u00e4ltin freut sich Ines Daun \u00fcber jede Hochzeit, denn diese bedeutet &#8222;Kundschaft&#8220;! Die N\u00fcrnbergerin wei\u00df, fast jede zweite Ehe wird geschieden. Dabei sind die Gr\u00fcnde, die zum Scheitern einer Ehe f\u00fchren, h\u00e4ufig immer dieselben. Bei 3nach9 erkl\u00e4rt die Fachanw\u00e4ltin auf dem Gebiet des Familienrechts, warum sich vern\u00fcnftige Menschen bei einer Scheidung in Monster verwandeln und wie es mit der Beziehung klappen kann, wenn man sich an bestimmte Regeln h\u00e4lt.<\/p>\n<p style=\"text-align: justify;\"><strong>Thomas Quasthoff \u2013 Musiker<\/strong><\/p>\n<p>&#8222;Mein Bruder hat einmal gesagt: &#8218;Tommi, du warst immer eine Rampensau&#8217;\u2013 und das bin ich&#8220;, sagt Bassbariton-Star Thomas Quasthoff. Eben jener Bruder verstarb 2010 und Thomas Quasthoff verlor daraufhin seine Stimme. Zwei Jahre sp\u00e4ter erkl\u00e4rt er das Ende seiner B\u00fchnenkarriere, von diesem R\u00fccktritt tritt er jetzt zur\u00fcck. Sein neues Jazzalbum &#8222;Nice \u2019N\u2019 Easy&#8220;, aufgenommen mit der NDR Bigband, ist gerade erschienen und bei 3nach9 gibt es eine Kostprobe daraus.<\/p>\n<p style=\"text-align: justify;\"><strong>Wolfgang Niedecken \u2013 Musiker<\/strong><\/p>\n<p>Im absoluten Fu\u00dfballfieber ist derzeit Wolfgang Niedecken. Kein Spiel der laufenden Weltmeisterschaft l\u00e4sst sich der K\u00f6lsch-Rocker entgehen. Zum Gl\u00fcck sendet 3nach9 im Juni an einem spielfreien Tag, so dass der Rheinl\u00e4nder Zeit findet an die Weser zu kommen. Welche Ern\u00e4hrungstipps ihm der Rolling Stones-Gitarrist Keith Richards gegeben hat, warum man sich konsequent Populisten entgegenstellen muss und ob auch bei der bevorstehenden Herbst-Tournee vor jedem Auftritt ein Grappa getrunken wird, berichtet der Frontman von BAP bei 3nach9.<\/p>\n<p>&nbsp;<\/p>\n<p style=\"text-align: justify;\"><strong>Sabine T\u00f6pperwien \u2013 Sportjournalistin<\/strong><\/p>\n<p>80 Millionen Deutsche, Frauen wie M\u00e4nner, fachsimpeln aktuell \u00fcber die beste Startelf der Fu\u00dfballnationalmannschaft. Dass es im Fu\u00dfballgesch\u00e4ft als Frau selbst heutzutage jedoch nicht immer leicht ist, erlebte die Sportjournalistin Sabine T\u00f6pperwien schon vor vielen Jahren. Die Schwester von Fu\u00dfballkommentator Rolf T\u00f6pperwien war die erste Frau, die regelm\u00e4\u00dfig in der ARD-Bundesligakonferenz von der Fu\u00dfball-Bundesliga im Radio berichtete. Die Leidenschaft f\u00fcr das runde Leder packte sie schon in jungen Jahren. Statt Familienausfl\u00fcge ins Gr\u00fcne versammelte man sich bei T\u00f6pperwiens am Samstagnachmittag vor dem Radio. \u00dcber diese Zeit, das bisherige Abschneiden bei der WM in Russland und \u00fcber die aktuellen Anfeindungen gegen\u00fcber weiblichen Kolleginnen, berichtet die WDR-H\u00f6rfunk-Sportchefin am Freitag bei 3nach9.<\/p>\n","protected":false},"excerpt":{"rendered":"<p>NDR fernsehen, hr fernsehen, 22:00 Uhr &#8211; 00:00 Uhr! Moderation: Judith Rakers und Giovanni di Lorenzo! Am 29. Juni begr\u00fc\u00dfen<\/p>\n","protected":false},"author":2,"featured_media":52746,"comment_status":"open","ping_status":"closed","sticky":false,"template":"","format":"standard","meta":{"_FSMCFIC_featured_image_caption":"","_FSMCFIC_featured_image_nocaption":"","_FSMCFIC_featured_image_hide":""},"categories":[33],"tags":[215],"acf":[],"_links":{"self":[{"href":"https:\/\/smago.de\/ws2\/wp-json\/wp\/v2\/posts\/52745"}],"collection":[{"href":"https:\/\/smago.de\/ws2\/wp-json\/wp\/v2\/posts"}],"about":[{"href":"https:\/\/smago.de\/ws2\/wp-json\/wp\/v2\/types\/post"}],"author":[{"embeddable":true,"href":"https:\/\/smago.de\/ws2\/wp-json\/wp\/v2\/users\/2"}],"replies":[{"embeddable":true,"href":"https:\/\/smago.de\/ws2\/wp-json\/wp\/v2\/comments?post=52745"}],"version-history":[{"count":2,"href":"https:\/\/smago.de\/ws2\/wp-json\/wp\/v2\/posts\/52745\/revisions"}],"predecessor-version":[{"id":52762,"href":"https:\/\/smago.de\/ws2\/wp-json\/wp\/v2\/posts\/52745\/revisions\/52762"}],"wp:featuredmedia":[{"embeddable":true,"href":"https:\/\/smago.de\/ws2\/wp-json\/wp\/v2\/media\/52746"}],"wp:attachment":[{"href":"https:\/\/smago.de\/ws2\/wp-json\/wp\/v2\/media?parent=52745"}],"wp:term":[{"taxonomy":"category","embeddable":true,"href":"https:\/\/smago.de\/ws2\/wp-json\/wp\/v2\/categories?post=52745"},{"taxonomy":"post_tag","embeddable":true,"href":"https:\/\/smago.de\/ws2\/wp-json\/wp\/v2\/tags?post=52745"}],"curies":[{"name":"wp","href":"https:\/\/api.w.org\/{rel}","templated":true}]}}