{"id":52624,"date":"2018-06-25T00:00:24","date_gmt":"2018-06-24T22:00:24","guid":{"rendered":"https:\/\/smago.de\/?p=52624"},"modified":"2018-06-25T00:13:42","modified_gmt":"2018-06-24T22:13:42","slug":"francine-jordiam-28-september-2018-erscheint-ihre-neue-cd-noch-lange-nicht-genug","status":"publish","type":"post","link":"https:\/\/smago.de\/ws2\/schlager\/francine-jordiam-28-september-2018-erscheint-ihre-neue-cd-noch-lange-nicht-genug\/","title":{"rendered":"FRANCINE JORDI<br>Am 28. September 2018 erscheint ihre neue CD &#8222;Noch lange nicht genug&#8220;!"},"content":{"rendered":"<div id=\"a-page\">\n<div id=\"dp\" class=\"music de_DE\">\n<div id=\"dp-container\" class=\"a-container\" role=\"main\">\n<div id=\"descriptionAndDetails\" class=\"a-section a-spacing-extra-large\">\n<div id=\"productDescription_feature_div\" class=\"feature\" data-feature-name=\"productDescription\">\n<div id=\"productDescription_feature_div\" class=\"a-row feature\" data-template-name=\"productDescription\" data-feature-name=\"productDescription\">\n<div id=\"productDescription\" class=\"a-section a-spacing-small\">\n<p style=\"text-align: justify;\">Up-tempo, nach vorne schauend und so richtig mitrei\u00dfend tanzbar &#8211; so klingt der neue Jordi-Sound!<!-more->FRANCINE JORDI ist zur\u00fcck &#8211; und wie, Mit ihrer neuen Single &#8222;Da geht noch mehr&#8220; pr\u00e4sentiert der Schweizer Superstar die erste Auskopplung aus ihrem Ende September erscheinenden neuen Album &#8222;Noch lange nicht genug&#8220;.<\/p>\n<\/div>\n<\/div>\n<\/div>\n<\/div>\n<\/div>\n<\/div>\n<\/div>\n<p style=\"text-align: justify;\">Und Francine Jordi zeigt sofort, wo ihre musikalische Reise in Zukunft hingeht. Up-tempo, nach vorne schauend und so richtig mitrei\u00dfend tanzbar &#8211; so klingt der neue Jordi-Sound. Dass die Bernerin schon immer eine lebensfrohe, positive und energetische Frau war ist gemeinhin bekannt, dass Francine Jordi aber im vergangenen Jahr, neben ihren zahlreichen Aktivit\u00e4ten als S\u00e4ngerin und Moderatorin, die Kraft aufbrachte eine Brustkrebstherapie durchzustehen erfuhr die \u00d6ffentlichkeit erst vor einigen Wochen. Nun m\u00f6chte Francine Jordi mit ihren neuen Songs mutig und froh nach vorne schauen.<\/p>\n<p style=\"text-align: justify;\">Mit &#8222;Da geht noch mehr&#8220; gelingt ihr dies bereits eindrucksvoll. Ein Song zum Mitsingen, Mitmachen und Mittanzen, der dazu animiert, immer wieder das Positive zu sehen. Ein Song, der gespannt macht auf das neue Album &#8222;Noch lange nicht genug&#8220;.<\/p>\n","protected":false},"excerpt":{"rendered":"<p>Up-tempo, nach vorne schauend und so richtig mitrei\u00dfend tanzbar &#8211; so klingt der neue Jordi-Sound!FRANCINE JORDI ist zur\u00fcck &#8211; und<\/p>\n","protected":false},"author":2,"featured_media":52625,"comment_status":"open","ping_status":"closed","sticky":false,"template":"","format":"standard","meta":{"_FSMCFIC_featured_image_caption":"","_FSMCFIC_featured_image_nocaption":"","_FSMCFIC_featured_image_hide":""},"categories":[29],"tags":[202],"acf":[],"_links":{"self":[{"href":"https:\/\/smago.de\/ws2\/wp-json\/wp\/v2\/posts\/52624"}],"collection":[{"href":"https:\/\/smago.de\/ws2\/wp-json\/wp\/v2\/posts"}],"about":[{"href":"https:\/\/smago.de\/ws2\/wp-json\/wp\/v2\/types\/post"}],"author":[{"embeddable":true,"href":"https:\/\/smago.de\/ws2\/wp-json\/wp\/v2\/users\/2"}],"replies":[{"embeddable":true,"href":"https:\/\/smago.de\/ws2\/wp-json\/wp\/v2\/comments?post=52624"}],"version-history":[{"count":2,"href":"https:\/\/smago.de\/ws2\/wp-json\/wp\/v2\/posts\/52624\/revisions"}],"predecessor-version":[{"id":52627,"href":"https:\/\/smago.de\/ws2\/wp-json\/wp\/v2\/posts\/52624\/revisions\/52627"}],"wp:featuredmedia":[{"embeddable":true,"href":"https:\/\/smago.de\/ws2\/wp-json\/wp\/v2\/media\/52625"}],"wp:attachment":[{"href":"https:\/\/smago.de\/ws2\/wp-json\/wp\/v2\/media?parent=52624"}],"wp:term":[{"taxonomy":"category","embeddable":true,"href":"https:\/\/smago.de\/ws2\/wp-json\/wp\/v2\/categories?post=52624"},{"taxonomy":"post_tag","embeddable":true,"href":"https:\/\/smago.de\/ws2\/wp-json\/wp\/v2\/tags?post=52624"}],"curies":[{"name":"wp","href":"https:\/\/api.w.org\/{rel}","templated":true}]}}