{"id":52595,"date":"2018-06-24T00:00:33","date_gmt":"2018-06-23T22:00:33","guid":{"rendered":"https:\/\/smago.de\/?p=52595"},"modified":"2018-06-23T23:03:11","modified_gmt":"2018-06-23T21:03:11","slug":"robin-leonrobin-leon-trauert-um-seinen-vater-56","status":"publish","type":"post","link":"https:\/\/smago.de\/ws2\/schlager\/robin-leonrobin-leon-trauert-um-seinen-vater-56\/","title":{"rendered":"ROBIN LEON<br>Robin Leon trauert um seinen Vater (56)!"},"content":{"rendered":"<p>Robin Leon selbst hat es gestern \u00f6ffentlich gemacht &#8230;:<\/p>\n<p><em>Liebe Freunde und Fans,<\/em><\/p>\n<p><em>bestimmt hat sich ein oder anderer gefragt, warum in den letzten Tagen auf meinem Facebook Profil nichts gepostet wurde. <\/em><\/p>\n<p><em>Leider muss ich euch mitteilen, dass mein Papa pl\u00f6tzlich und v\u00f6llig unerwartet verstarb. Es ist ein Schock f\u00fcr mich und meine ganze Familie.<\/em><\/p>\n<p><em>Nun, das Leben muss weitergehen, weil es auch mein Vater so gewollt h\u00e4tte.<\/em><\/p>\n<p><em>Liebe Gr\u00fc\u00dfe<\/em><\/p>\n<p><em>Euer <\/em><\/p>\n<p><em>Robin Leon<\/em><\/p>\n","protected":false},"excerpt":{"rendered":"<p>Robin Leon selbst hat es gestern \u00f6ffentlich gemacht &#8230;: Liebe Freunde und Fans, bestimmt hat sich ein oder anderer gefragt,<\/p>\n","protected":false},"author":2,"featured_media":52596,"comment_status":"open","ping_status":"closed","sticky":false,"template":"","format":"standard","meta":{"_FSMCFIC_featured_image_caption":"","_FSMCFIC_featured_image_nocaption":"","_FSMCFIC_featured_image_hide":""},"categories":[29],"tags":[199],"acf":[],"_links":{"self":[{"href":"https:\/\/smago.de\/ws2\/wp-json\/wp\/v2\/posts\/52595"}],"collection":[{"href":"https:\/\/smago.de\/ws2\/wp-json\/wp\/v2\/posts"}],"about":[{"href":"https:\/\/smago.de\/ws2\/wp-json\/wp\/v2\/types\/post"}],"author":[{"embeddable":true,"href":"https:\/\/smago.de\/ws2\/wp-json\/wp\/v2\/users\/2"}],"replies":[{"embeddable":true,"href":"https:\/\/smago.de\/ws2\/wp-json\/wp\/v2\/comments?post=52595"}],"version-history":[{"count":1,"href":"https:\/\/smago.de\/ws2\/wp-json\/wp\/v2\/posts\/52595\/revisions"}],"predecessor-version":[{"id":52597,"href":"https:\/\/smago.de\/ws2\/wp-json\/wp\/v2\/posts\/52595\/revisions\/52597"}],"wp:featuredmedia":[{"embeddable":true,"href":"https:\/\/smago.de\/ws2\/wp-json\/wp\/v2\/media\/52596"}],"wp:attachment":[{"href":"https:\/\/smago.de\/ws2\/wp-json\/wp\/v2\/media?parent=52595"}],"wp:term":[{"taxonomy":"category","embeddable":true,"href":"https:\/\/smago.de\/ws2\/wp-json\/wp\/v2\/categories?post=52595"},{"taxonomy":"post_tag","embeddable":true,"href":"https:\/\/smago.de\/ws2\/wp-json\/wp\/v2\/tags?post=52595"}],"curies":[{"name":"wp","href":"https:\/\/api.w.org\/{rel}","templated":true}]}}