{"id":52319,"date":"2018-06-19T10:56:55","date_gmt":"2018-06-19T08:56:55","guid":{"rendered":"https:\/\/smago.de\/?p=52319"},"modified":"2018-06-19T10:56:55","modified_gmt":"2018-06-19T08:56:55","slug":"smago-informiertorf-srf-und-zdf-beschliessen-weitere-enge-zusammenarbeit","status":"publish","type":"post","link":"https:\/\/smago.de\/ws2\/smago-informiert\/smago-informiertorf-srf-und-zdf-beschliessen-weitere-enge-zusammenarbeit\/","title":{"rendered":"smago! INFORMIERT<br>ORF, SRF und ZDF beschlie\u00dfen weitere enge Zusammenarbeit!"},"content":{"rendered":"<p>F\u00fcr das kommende Jahr wurden Koproduktionen mit einem Volumen von rund 140 Millionen Euro beschlossen &#8230;:<br \/>\n<!-more->Die \u00f6ffentlich-rechtlichen Fernsehanstalten \u00d6sterreichs, der Deutschschweiz und Deutschlands, ORF SRF und ZDF, haben bei der j\u00e4hrlichen Koproduktionstagung gemeinsame Programmvorhaben f\u00fcr das kommende Jahr vereinbart. Die Programmverantwortlichen der drei Sender diskutierten in Wien zum 51. Mal \u00fcber die l\u00e4nder\u00fcbergreifende Zusammenarbeit. F\u00fcr das kommende Jahr wurden Koproduktionen mit einem Volumen von rund 140 Millionen Euro beschlossen.<\/p>\n<p>Im vergangenen Jahr konnten dank der erfolgreichen Zusammenarbeit der drei Sender langj\u00e4hrige Produktionen wie etwa &#8222;SOKO Wien\/Donau&#8220;, &#8222;Die Chefin&#8220;, &#8222;1, 2 oder 3&#8220; und &#8222;Die Helene-Fischer-Show&#8220; realisiert werden. Fortsetzungen wie &#8222;The Team II&#8220;, &#8222;Professor T. II&#8220; sowie eine Reihe an Dokumentations-, Kultur- und Kinderprogrammen wurden ebenfalls umgesetzt. F\u00fcr das kommende Jahr sind weitere gro\u00dfe gemeinsame Produktionen wie das historische Drama &#8222;Ein Dorf wehrt sich \u2013 Das Geheimnis von Altaussee&#8220; und die Kindersendung &#8222;Museum Aha&#8220; geplant.<\/p>\n<p>&#8222;Die enge Zusammenarbeit zwischen den drei Medienh\u00e4usern erm\u00f6glicht die Umsetzung hochklassiger Projekte. Ein solches l\u00e4nder\u00fcbergreifendes B\u00fcndnis ist nicht nur in Zeiten von Sparbem\u00fchungen zukunftsweisend. Es bringt die drei L\u00e4nder einander n\u00e4her. Daher werden wir unsere erfolgreiche Zusammenarbeit intensivieren&#8220;, betont ZDF-Programmdirektor Dr. Norbert Himmler.<\/p>\n<p>ORF Programmdirektorin Kathrin Zechner ist stolz auf das Ergebnis: &#8222;Als Gastgeber der 51. Koproduktionstagung mit unseren gesch\u00e4tzten Partnern ZDF und SRF hat sich wieder gezeigt: Wenn wir gemeinsam \u2013 im Wagner-Jubil\u00e4ums-Jahr an den gro\u00dfen Baumeister angelehnt \u2013 an einer &#8218;Neuen Stadt der Ideen&#8216; bauen, profitieren wir alle \u2013 vor allem am Ende das Publikum aller Partnersender. Mit hochwertigen, kreativen Formaten und Projekten schaffen wir mehr \u2013 und dem Miteinander sind auch f\u00fcr die Zukunft keine Grenzen gesetzt. Danke allen, die hier entwickeln, abstimmen, kreative L\u00f6sungen finden f\u00fcr das beste deutschsprachige Programm!&#8220;<\/p>\n<p>SRF-Programmdirektor Rudi Matter betont nachdr\u00fccklich: &#8222;W\u00e4hrend bei uns die finanziellen Mittel immer knapper werden, produzieren globale Player mit fast unbeschr\u00e4nkten Budgets immer hochstehendere fiktionale Inhalte. Auch aus diesem Grund war die langj\u00e4hrige, sehr erfolgreiche Zusammenarbeit mit unseren Kolleginnen und Kollegen aus \u00d6sterreich und Deutschland noch nie so wichtig wie heute.&#8220;<\/p>\n<p>Die Koproduktionstagung von ORF, SRF und ZDF findet seit 1967 j\u00e4hrlich statt. Ziel der l\u00e4nder- und genre\u00fcbergreifenden Zusammenarbeit ist die gemeinsame Herstellung von Produktionen mit l\u00e4nder\u00fcbergreifender Relevanz im deutschsprachigen Raum.<\/p>\n","protected":false},"excerpt":{"rendered":"<p>F\u00fcr das kommende Jahr wurden Koproduktionen mit einem Volumen von rund 140 Millionen Euro beschlossen &#8230;: Die \u00f6ffentlich-rechtlichen Fernsehanstalten \u00d6sterreichs,<\/p>\n","protected":false},"author":2,"featured_media":52320,"comment_status":"open","ping_status":"closed","sticky":false,"template":"","format":"standard","meta":{"_FSMCFIC_featured_image_caption":"","_FSMCFIC_featured_image_nocaption":"","_FSMCFIC_featured_image_hide":""},"categories":[33],"tags":[135],"acf":[],"_links":{"self":[{"href":"https:\/\/smago.de\/ws2\/wp-json\/wp\/v2\/posts\/52319"}],"collection":[{"href":"https:\/\/smago.de\/ws2\/wp-json\/wp\/v2\/posts"}],"about":[{"href":"https:\/\/smago.de\/ws2\/wp-json\/wp\/v2\/types\/post"}],"author":[{"embeddable":true,"href":"https:\/\/smago.de\/ws2\/wp-json\/wp\/v2\/users\/2"}],"replies":[{"embeddable":true,"href":"https:\/\/smago.de\/ws2\/wp-json\/wp\/v2\/comments?post=52319"}],"version-history":[{"count":1,"href":"https:\/\/smago.de\/ws2\/wp-json\/wp\/v2\/posts\/52319\/revisions"}],"predecessor-version":[{"id":52321,"href":"https:\/\/smago.de\/ws2\/wp-json\/wp\/v2\/posts\/52319\/revisions\/52321"}],"wp:featuredmedia":[{"embeddable":true,"href":"https:\/\/smago.de\/ws2\/wp-json\/wp\/v2\/media\/52320"}],"wp:attachment":[{"href":"https:\/\/smago.de\/ws2\/wp-json\/wp\/v2\/media?parent=52319"}],"wp:term":[{"taxonomy":"category","embeddable":true,"href":"https:\/\/smago.de\/ws2\/wp-json\/wp\/v2\/categories?post=52319"},{"taxonomy":"post_tag","embeddable":true,"href":"https:\/\/smago.de\/ws2\/wp-json\/wp\/v2\/tags?post=52319"}],"curies":[{"name":"wp","href":"https:\/\/api.w.org\/{rel}","templated":true}]}}