{"id":52266,"date":"2018-06-18T00:00:38","date_gmt":"2018-06-17T22:00:38","guid":{"rendered":"https:\/\/smago.de\/?p=52266"},"modified":"2018-06-18T10:05:05","modified_gmt":"2018-06-18T08:05:05","slug":"eloykopf-aus-herz-an-eloy-der-neue-popschlager-superstar","status":"publish","type":"post","link":"https:\/\/smago.de\/ws2\/pop-schlager\/eloykopf-aus-herz-an-eloy-der-neue-popschlager-superstar\/","title":{"rendered":"ELOY<br>&#8222;Kopf aus &#8211; Herz an&#8220;: Eloy &#8211; Der neue (Popschlager-)Superstar!"},"content":{"rendered":"<p>Der Caught in the Act-Star hat einen sensationell guten Lauf &#8230;:<!-more->Als Ende August 2017 seine erste deutschsprachige Single ver\u00f6ffentlicht wurde, war noch nicht absehbar, dass Caught in the Act-Star ELOY der neue Popschlager-Superstar werden w\u00fcrde.<\/p>\n<p>Sein am 1. Juni 2018 ver\u00f6ffentlichtes Album schaffte es es aus dem Stand auf Platz 3 der Offiziellen Deutschen Charts, in \u00d6sterreich gelang ihm sogar ein Direkt-Einstieg auf der #2. Und selbst in der Schweiz reichte es f\u00fcr eine Top 10-Notierung (#1). Doch damit nicht genug: Auch in der zweiten Chartwoche kann sich Eloy in den Top 10 der Offiziellen Deutschen Album Charts behaupten &#8211; und zwar auf einem immer noch hervorragenden 6. Rang. Somit ist Eloy der erfolgreichste Solo-K\u00fcnstler in der Geschichte von TELAMO &#8211; der Plattenfirma f\u00fcr Musik &amp; Unterhaltung.<\/p>\n<p><em>Seine<\/em> Interpretation des Titels &#8222;Egal&#8220; bewegte die Fernsehzuschauer wie kein zweiter Song in diesem Jahr. In \u00d6sterreich gelang Eloy sogar mit der Single der Einstieg in die Charts (auf Position 67).<\/p>\n<p>Um ein Haar h\u00e4tte Eloy auch noch seine Bestplatzierung mit Caught in the Act in den Offiziellen Deutschen Album Charts geknackt: &#8222;Kopf an&#8220; konnte sich quasi zwischen den Caught in the Act-Erfolgsalben &#8222;Forever Friends&#8220; (1996 auf der #2) und &#8222;Vibe&#8220; (1997 auf der #4) platzieren.<\/p>\n<p>Doch auch in andereren Gebieten kann der am 13. M\u00e4rz 1973 in Den Haag geborene Eloy de Jong (sein vollst\u00e4ndiger Name lautet Eloy Francois Maurice Gilbert Charles Prosper de Jong) auf einige au\u00dfergew\u00f6hnliche Erfolge verweisen: So war er als Jugendlicher niederl\u00e4ndischer Jugendmeister in den Lateinamerikanischen T\u00e4nzen (von daher w\u00fcrde er sich w\u00e4rmstens f\u00fcr die n\u00e4chste &#8222;Let&#8217;s Dance&#8220; Staffel empfehlen).<\/p>\n<p>Dass er auch was vom Kochen versteht und auch ein hervorragender Gastgeber ist, bewies er im Oktober 2008, als er &#8222;Das perfekte Promi-Dinner&#8220; gewann (die Runde bestand aus Oswalt Kolle, Ellen ten Damme, Fabrice Morvan und &#8211; Eloy).<\/p>\n<p>Im Sommer 1999 &#8211; einige Monate nach der Trennung von Caught in the Act &#8211; machte Eloy seine Liebe zu dem irischen S\u00e4nger Stephen Gately von der Gruppe &#8222;Boyzone&#8220; \u00f6ffentlich. Zwar ging ihre Beziehung 2002 wieder in die Br\u00fcche, jedoch nicht ihre Freundschaft.<\/p>\n<p>Ende 2015 kam es zu einer Wiedervereinigung von Caught in the Act (- allerdings ohne Benjamin Boyce).<\/p>\n<p>Mitte August 2017 nahm Eloy bei &#8222;Promi Big Brother&#8220; teil, wo er sich toll behaupten konnte.<\/p>\n<p>Am 24. Juni 2018 ist Eloy in der ARD-Sendung &#8222;Immer wieder sonntags&#8220; zu Gast.<\/p>\n<p>&#8222;Unser&#8220; Eloy ist im \u00dcbrigen nicht zu verwechseln mit der gleichnamigen deutschen Artrock-Band Eloy, die im kommenden Jahr (2019) ihr 50-j\u00e4hrigen Bestehen feiert. Der Name lehnt sich an den H.-G.-Wells-Roman &#8222;Die Zeitmaschine&#8220; an, in dem ein Volk namens Eloi vorkommt.<\/p>\n","protected":false},"excerpt":{"rendered":"<p>Der Caught in the Act-Star hat einen sensationell guten Lauf &#8230;:Als Ende August 2017 seine erste deutschsprachige Single ver\u00f6ffentlicht wurde,<\/p>\n","protected":false},"author":2,"featured_media":52267,"comment_status":"open","ping_status":"closed","sticky":false,"template":"","format":"standard","meta":{"_FSMCFIC_featured_image_caption":"","_FSMCFIC_featured_image_nocaption":"","_FSMCFIC_featured_image_hide":""},"categories":[28,39],"tags":[97],"acf":[],"_links":{"self":[{"href":"https:\/\/smago.de\/ws2\/wp-json\/wp\/v2\/posts\/52266"}],"collection":[{"href":"https:\/\/smago.de\/ws2\/wp-json\/wp\/v2\/posts"}],"about":[{"href":"https:\/\/smago.de\/ws2\/wp-json\/wp\/v2\/types\/post"}],"author":[{"embeddable":true,"href":"https:\/\/smago.de\/ws2\/wp-json\/wp\/v2\/users\/2"}],"replies":[{"embeddable":true,"href":"https:\/\/smago.de\/ws2\/wp-json\/wp\/v2\/comments?post=52266"}],"version-history":[{"count":3,"href":"https:\/\/smago.de\/ws2\/wp-json\/wp\/v2\/posts\/52266\/revisions"}],"predecessor-version":[{"id":52293,"href":"https:\/\/smago.de\/ws2\/wp-json\/wp\/v2\/posts\/52266\/revisions\/52293"}],"wp:featuredmedia":[{"embeddable":true,"href":"https:\/\/smago.de\/ws2\/wp-json\/wp\/v2\/media\/52267"}],"wp:attachment":[{"href":"https:\/\/smago.de\/ws2\/wp-json\/wp\/v2\/media?parent=52266"}],"wp:term":[{"taxonomy":"category","embeddable":true,"href":"https:\/\/smago.de\/ws2\/wp-json\/wp\/v2\/categories?post=52266"},{"taxonomy":"post_tag","embeddable":true,"href":"https:\/\/smago.de\/ws2\/wp-json\/wp\/v2\/tags?post=52266"}],"curies":[{"name":"wp","href":"https:\/\/api.w.org\/{rel}","templated":true}]}}