{"id":52253,"date":"2018-06-18T00:00:14","date_gmt":"2018-06-17T22:00:14","guid":{"rendered":"https:\/\/smago.de\/?p=52253"},"modified":"2018-06-17T23:04:48","modified_gmt":"2018-06-17T21:04:48","slug":"calimeros","status":"publish","type":"post","link":"https:\/\/smago.de\/ws2\/schlager\/calimeros\/","title":{"rendered":"CALIMEROS<br>CD &#8222;Sommerk\u00fcsse&#8220; auf 20.07.2018 verschoben!"},"content":{"rendered":"<div id=\"content\" class=\"site-content\">\n<div id=\"primary\" class=\"content-area\">\n<article id=\"post-4830\" class=\"post-4830 page type-page status-publish has-post-thumbnail hentry\">\n<div class=\"entry-content\">\n<div id=\"fact\" class=\"singleNaviPoint shortme bbb-insite-nav-active shortend\" data-name=\"Albumfact\" data-bgcolor=\"#CACACA\">\n<p>Das Album erscheint somit zwei Wochen sp\u00e4ter, als urspr\u00fcnglich geplant! Sehen Sie <strong><a href=\"https:\/\/www.shop24direct.at\/produkt\/sommerkuesse-limitierter-leuchtstab-2021215\">HIER<\/a><\/strong> den 15-min\u00fctigen TV-Spot &#8230;:<!-more->\u201cSommerk\u00fcsse\u201d hei\u00dft das neue Album der Calimeros, das (immer noch) &#8211; p\u00fcnktlich zur Urlaubszeit &#8211; ab 20. Juli 2018 \u00fcberall im Handel erh\u00e4ltlich sein wird. Roland, Christian und Andy liefern wieder einmal ein fulminantes Album der Extraklasse und entf\u00fchren die H\u00f6rer in ferne L\u00e4nder, um unbeschwertes Sommergl\u00fcck zu genie\u00dfen.<\/p>\n<div class=\"button_more bbb_hidden\" data-id=\"fact\"><\/div>\n<p class=\"bbb_show\">Roland Eberhart, das Oberhaupt der Calimeros, hat auch auf diesem Album fast alle Lieder selbst geschrieben und komponiert, so dass sich die H\u00f6rer auf den vertrauten und beliebten Calimeros-Sound freuen d\u00fcrfen. Ein wenig Unterst\u00fctzung hat er sich bei zwei gro\u00dfartigen Songschreibern geholt: Uwe Busse und Tommy Mustac haben zwei Titel beigesteuert. Und auch Sandra Eichenberger, die langj\u00e4hrige Lebensgef\u00e4hrtin von Roland hat textliche Inspirationen geliefert.<\/p>\n<p class=\"bbb_show\">In den Songs geht es um die Lieblingsthemen der Calimeros \u2013 um Urlaubsfreuden, Sommersehns\u00fcchte und das s\u00fc\u00dfe Leben in maritimem Flair. Nat\u00fcrlich darf auch das Grund-Elixir des Schlagers auf keinen Fall fehlen: Die Liebe in all ihren Facetten!<\/p>\n<p class=\"bbb_show\">Die drei charmanten Herren aus der Schweiz reisen diesmal mit uns nach Spanien und Italien. Sie schw\u00e4rmen von der leidenschaftlichen Nacht mit einer sch\u00f6nen Unbekannten, die \u201cAndalusisches Feuer\u201d im Blut hat, tanzen verliebt zu \u201cHasta la Vista, Baby\u201d unter spanischer Sonne am Strand, tr\u00e4umen von goldenen D\u00fcnen mit wei\u00dfem Sand auf \u201cGran Canaria\u201d und erinnern sich an romantische Stunden, in denen die \u201cSterne der Toskana\u201d das Gl\u00fcck gebracht haben. Der schwungvolle Titelsong \u201cSommerk\u00fcsse\u201d, der als Singleauskopplung bereits einen Vorgeschmack auf das Album geliefert hat, vers\u00fc\u00dft uns die Vorfreude auf den Sommerurlaub im S\u00fcden, am Meer und ist gepr\u00e4gt von Leichtigkeit, Spa\u00df und guter Laune. Etwas langsamere Kl\u00e4nge stimmen die Calimeros mit dem romantischen Song \u201cNur f\u00fcr dich (ist dieses Lied)\u201d an. Es handelt sich um eine gef\u00fchlvolle Liebeserkl\u00e4rung rund um das Wunder, wenn aus Freundschaft Liebe wird.<\/p>\n<p class=\"bbb_show\">Die Lieder auf dem Album \u201cSommerk\u00fcsse\u201d vermitteln ein Gef\u00fchl von unbeschwerter Lebensfreude und Gl\u00fcckseligkeit. Die lockeren Melodien gehen sofort ins Ohr und ziehen die Tanzfreunde magisch auf\u2019s Parkett. Dank der einpr\u00e4gsamen Refrains lassen sich die Songs auch wunderbar mitsingen. Die erfrischenden Dance-Elemente machen jede Menge Lust auf Sommer, Sonne, Strand und Mee(h)r.<\/p>\n<p class=\"bbb_show\">Als vor \u00fcber 40 Jahren f\u00fcnf talentierte und musikbegeisterte M\u00e4nner bei einem Vereinsabend die Entscheidung trafen, gemeinsam bei Feierlichkeiten oder kleinen Festen aufzutreten, ahnten sie noch nicht, welch sagenhafte Karriere ihnen bevorstehen w\u00fcrden. Doch schon mit ihrem ersten Album landeten die Calimeros den ganz gro\u00dfen Coup und wurden mit Platin ausgezeichnet. Nach mehreren Ver\u00e4nderungen in der Besetzung ist die Band heute als Trio unterwegs und hat mittlerweile Kult-Status erreicht. Mehr als 30 Alben haben die smarten Musiker inzwischen ver\u00f6ffentlicht, k\u00f6nnen sich mit zahlreichen Edelmetallen schm\u00fccken, d\u00fcrfen sich \u00fcber regelm\u00e4\u00dfige Chartplatzierungen freuen und sind aus der Fernsehlandschaft des deutschsprachigen Raums nicht mehr wegzudenken.<\/p>\n<p class=\"bbb_show\">Ab Herbst werden die drei Schweizer das Publikum auch wieder bei Live-Auftritten verzaubern. Zun\u00e4chst geht es f\u00fcr die drei K\u00fcnstler auf eine einw\u00f6chige Kreuzfahrt und direkt im Anschluss startet \u201cDie gro\u00dfe Schlagerhitparade\u201d ihre deutschlandweite Tour. Doch nun genie\u00dfen die Calimeros erst einmal einen aufregenden Sommer \u2013 mit ihrem neuen Album \u201cSommerk\u00fcsse\u201d.<\/p>\n<p class=\"bbb_show\">Das Album \u201cSommerk\u00fcsse\u201d erscheint am 20.07.2018 bei TELAMO und wird auch als DVD und Fanbox erh\u00e4ltlich sein.<\/p>\n<p>Sehen Sie <strong><a href=\"https:\/\/www.shop24direct.at\/produkt\/sommerkuesse-limitierter-leuchtstab-2021215\">HIER<\/a><\/strong> den 15-min\u00fctigen TV-Spot!<\/p>\n<\/div>\n<\/div>\n<\/article>\n<\/div>\n<\/div>\n","protected":false},"excerpt":{"rendered":"<p>Das Album erscheint somit zwei Wochen sp\u00e4ter, als urspr\u00fcnglich geplant! Sehen Sie HIER den 15-min\u00fctigen TV-Spot &#8230;:\u201cSommerk\u00fcsse\u201d hei\u00dft das neue<\/p>\n","protected":false},"author":2,"featured_media":52281,"comment_status":"open","ping_status":"closed","sticky":false,"template":"","format":"standard","meta":{"_FSMCFIC_featured_image_caption":"","_FSMCFIC_featured_image_nocaption":"","_FSMCFIC_featured_image_hide":""},"categories":[29],"tags":[159],"acf":[],"_links":{"self":[{"href":"https:\/\/smago.de\/ws2\/wp-json\/wp\/v2\/posts\/52253"}],"collection":[{"href":"https:\/\/smago.de\/ws2\/wp-json\/wp\/v2\/posts"}],"about":[{"href":"https:\/\/smago.de\/ws2\/wp-json\/wp\/v2\/types\/post"}],"author":[{"embeddable":true,"href":"https:\/\/smago.de\/ws2\/wp-json\/wp\/v2\/users\/2"}],"replies":[{"embeddable":true,"href":"https:\/\/smago.de\/ws2\/wp-json\/wp\/v2\/comments?post=52253"}],"version-history":[{"count":3,"href":"https:\/\/smago.de\/ws2\/wp-json\/wp\/v2\/posts\/52253\/revisions"}],"predecessor-version":[{"id":52282,"href":"https:\/\/smago.de\/ws2\/wp-json\/wp\/v2\/posts\/52253\/revisions\/52282"}],"wp:featuredmedia":[{"embeddable":true,"href":"https:\/\/smago.de\/ws2\/wp-json\/wp\/v2\/media\/52281"}],"wp:attachment":[{"href":"https:\/\/smago.de\/ws2\/wp-json\/wp\/v2\/media?parent=52253"}],"wp:term":[{"taxonomy":"category","embeddable":true,"href":"https:\/\/smago.de\/ws2\/wp-json\/wp\/v2\/categories?post=52253"},{"taxonomy":"post_tag","embeddable":true,"href":"https:\/\/smago.de\/ws2\/wp-json\/wp\/v2\/tags?post=52253"}],"curies":[{"name":"wp","href":"https:\/\/api.w.org\/{rel}","templated":true}]}}