{"id":52053,"date":"2018-06-14T15:37:49","date_gmt":"2018-06-14T13:37:49","guid":{"rendered":"https:\/\/smago.de\/?p=52053"},"modified":"2018-06-14T15:37:49","modified_gmt":"2018-06-14T13:37:49","slug":"smago-informiertwichtiger-schritt-fuer-digitale-medienordnung","status":"publish","type":"post","link":"https:\/\/smago.de\/ws2\/smago-informiert\/smago-informiertwichtiger-schritt-fuer-digitale-medienordnung\/","title":{"rendered":"smago! INFORMIERT<br>&#8222;Wichtiger Schritt f\u00fcr digitale Medienordnung&#8220;:"},"content":{"rendered":"<p>Thomas Bellut zur Reform des Telemedienauftrags<br \/>\n<!-more-><\/p>\n<p class=\"bodytext\">ZDF-Intendant Dr. Thomas Bellut zur Reform des Telemedienauftrags bei der Pressekonferenz am Donnerstag, 14. Juni 2018, in der Vertretung des Landes Rheinland-Pfalz: \u201eDie Einigung der Ministerpr\u00e4sidenten \u00fcber einen neuen Telemedien-Auftrag ist ein wichtiger Schritt auf dem Weg in eine digitale Medienordnung. Die Herausforderungen der Zeitungen und Zeitschriften habe ich immer verstanden. Sie m\u00fcssen ihre Produkte digital anbieten, obwohl im Netz nur wenig Bereitschaft besteht, daf\u00fcr auch zu zahlen. Die beitragsfinanzierten Rundfunkanstalten sollten den Verlagen den Freiraum f\u00fcr neue Gesch\u00e4ftsmodelle lassen &#8211; im gemeinsamen Interesse der Qualit\u00e4tsmedien.<\/p>\n<p class=\"bodytext\">Wir haben unser Onlineangebot deshalb immer st\u00e4rker auf unsere Videoplattform, die ZDFmediathek, und ein kompaktes Nachrichtenangebot, die heute.de, konzentriert. Das war ein Prozess, der durchaus schwierig war. Ganz ohne Text geht es nat\u00fcrlich nicht.<\/p>\n<p class=\"bodytext\">J\u00fcngere Menschen informieren sich heute \u00fcberwiegend im Netz. Deshalb ist es wichtig, dass wir dort passende, neue Formen f\u00fcr journalistische\u00a0 Angebote ausprobieren und anbieten d\u00fcrfen \u2013 zum Beispiel vor Wahlen. Sonst k\u00f6nnen wir unseren Auftrag\u00a0 f\u00fcr die Gesellschaft mittelfristig nicht mehr erf\u00fcllen.<\/p>\n<p class=\"bodytext\">Wir, die \u00d6ffentlich-Rechtlichen und die Presse, haben gemeinsame Interessen, Werte und Ziele. Wir stehen f\u00fcr Qualit\u00e4t, Vielfalt und Verantwortung. Wir betreiben professionellen Journalismus. Mit der Einigung, die wir jetzt erreicht haben, k\u00f6nnen wir alle k\u00fcnftig leben und arbeiten.\u201c<\/p>\n","protected":false},"excerpt":{"rendered":"<p>Thomas Bellut zur Reform des Telemedienauftrags ZDF-Intendant Dr. Thomas Bellut zur Reform des Telemedienauftrags bei der Pressekonferenz am Donnerstag, 14.<\/p>\n","protected":false},"author":2,"featured_media":52054,"comment_status":"closed","ping_status":"closed","sticky":false,"template":"","format":"standard","meta":{"_FSMCFIC_featured_image_caption":"","_FSMCFIC_featured_image_nocaption":"","_FSMCFIC_featured_image_hide":""},"categories":[33],"tags":[135],"acf":[],"_links":{"self":[{"href":"https:\/\/smago.de\/ws2\/wp-json\/wp\/v2\/posts\/52053"}],"collection":[{"href":"https:\/\/smago.de\/ws2\/wp-json\/wp\/v2\/posts"}],"about":[{"href":"https:\/\/smago.de\/ws2\/wp-json\/wp\/v2\/types\/post"}],"author":[{"embeddable":true,"href":"https:\/\/smago.de\/ws2\/wp-json\/wp\/v2\/users\/2"}],"replies":[{"embeddable":true,"href":"https:\/\/smago.de\/ws2\/wp-json\/wp\/v2\/comments?post=52053"}],"version-history":[{"count":1,"href":"https:\/\/smago.de\/ws2\/wp-json\/wp\/v2\/posts\/52053\/revisions"}],"predecessor-version":[{"id":52055,"href":"https:\/\/smago.de\/ws2\/wp-json\/wp\/v2\/posts\/52053\/revisions\/52055"}],"wp:featuredmedia":[{"embeddable":true,"href":"https:\/\/smago.de\/ws2\/wp-json\/wp\/v2\/media\/52054"}],"wp:attachment":[{"href":"https:\/\/smago.de\/ws2\/wp-json\/wp\/v2\/media?parent=52053"}],"wp:term":[{"taxonomy":"category","embeddable":true,"href":"https:\/\/smago.de\/ws2\/wp-json\/wp\/v2\/categories?post=52053"},{"taxonomy":"post_tag","embeddable":true,"href":"https:\/\/smago.de\/ws2\/wp-json\/wp\/v2\/tags?post=52053"}],"curies":[{"name":"wp","href":"https:\/\/api.w.org\/{rel}","templated":true}]}}