{"id":51992,"date":"2018-06-16T00:00:18","date_gmt":"2018-06-15T22:00:18","guid":{"rendered":"https:\/\/smago.de\/?p=51992"},"modified":"2018-06-15T15:59:23","modified_gmt":"2018-06-15T13:59:23","slug":"alexander-martin-2","status":"publish","type":"post","link":"https:\/\/smago.de\/ws2\/pop-schlager\/alexander-martin-2\/","title":{"rendered":"ALEXANDER MARTIN<br>Dankesworte von Alexander Martin zu seinem ersten smago! Award!"},"content":{"rendered":"<div id=\"u_0_i\" class=\"_li\">\n<div id=\"globalContainer\" class=\"uiContextualLayerParent\">\n<div id=\"content\" class=\"fb_content clearfix \" role=\"\" data-referrer=\"content\">\n<div>\n<div id=\"mainContainer\">\n<div id=\"contentCol\" class=\"clearfix hasRightCol\">\n<div id=\"contentArea\" role=\"main\">\n<div id=\"pagelet_timeline_main_column\" class=\"_5h60\" data-referrer=\"pagelet_timeline_main_column\" data-gt=\"{&quot;profile_owner&quot;:&quot;100011254179341&quot;,&quot;ref&quot;:&quot;timeline:timeline&quot;}\">\n<div id=\"pagelet_main_column_personal\" class=\"_5h60\" data-referrer=\"pagelet_main_column_personal_timeline\">\n<div id=\"timeline_tab_content\">\n<div id=\"pagelet_timeline_recent\" class=\"_5h60 fbTimelineTimePeriod\" data-referrer=\"pagelet_timeline_recent\">\n<div id=\"u_jsonp_18_8\" class=\"fbTimelineSection fbTimelineCompactSection fbTimelineSectionTransparent\">\n<div id=\"u_jsonp_18_7\" class=\"fbTimelineCapsule clearfix\" data-referrer=\"pagelet_timeline_recent_ocm\" data-end=\"1530428399\" data-start=\"1507110486\">\n<div id=\"recent_capsule_container\" class=\"_5nb8\" data-referrer=\"recent_capsule_container\">\n<div class=\"_5pcb _4b0l\">\n<div id=\"tl_unit_-486492529841607127\" class=\"_4-u2 mbm _4mrt _5jmm _5pat _5v3q _4-u8\" role=\"article\" aria-describedby=\"js_2jq js_2jr\" aria-labelledby=\"js_2jp\" data-time=\"1528655383\" data-insertion-position=\"0\" data-fte=\"1\" data-ftr=\"1\">\n<div id=\"u_jsonp_18_e\" class=\"_3ccb\" data-gt=\"{&quot;type&quot;:&quot;click2canvas&quot;,&quot;fbsource&quot;:703,&quot;ref&quot;:&quot;nf_generic&quot;}\" data-ft=\"{&quot;tn&quot;:&quot;-R&quot;}\">\n<div class=\"_5pcr userContentWrapper\" data-ft=\"{&quot;tn&quot;:&quot;-R&quot;}\">\n<div class=\"_1dwg _1w_m _q7o\">\n<div>\n<div id=\"js_2jr\" class=\"_5pbx userContent _3576\" data-ft=\"{&quot;tn&quot;:&quot;K&quot;}\">\n<div id=\"id_5b218ec44fbda2880307362\" class=\"text_exposed_root text_exposed\">\n<p>Auch wenn sein aktueller Song &#8222;Geht gar nicht&#8220; hei\u00dft &#8230;. Alexander Martin wei\u00df, was sich geh\u00f6rt &#8230;:<\/p>\n<p>Voller Stolz nahm ALEXANDER MARTIN, der Sohn von Andreas Martin, am Sonntagmittag (10.06.2018) in Klaffenbach seinen <em>smago!<\/em> Award in der Sparte &#8222;Start up Award f\u00fcr eine erfolgreiche Karriere als Rock-Schlagers\u00e4nger&#8220; entgegen. <em>&#8222;Wow, Wahnsinn! Ihr seid der Hammer &#8211; vielen, vielen Dank!&#8220;.<\/em><\/p>\n<p>Auf seiner Facebook-Seite ging weiter ins Detail &#8230;:<\/p>\n<p><em>&#8222;Da ist er!! Wahnsinn wie sehr ich mich freue kann es kaum in Worte fassen. Ich danke erstmal meinem Produzenten und mittlerweile sehr guten Freund Thomas Rosenfeld nur mit dir zusammen ist das alles so entstanden. Ich danke Georg Fischer, der mir damals die Chance gegeben hat, meine erste Single zu ver\u00f6ffentlichen. Danke an Axel Breitung f\u00fcr die tolle Zusammenarbeit und die tollen Songs, die mit Thomas entstanden sind bin sehr gl\u00fccklich dar\u00fcber, nat\u00fcrlich auch an Manni unseren Gitarr<span class=\"text_exposed_show\">isten, der zu jedem Song alles gegeben hat. Danke an Gaby van Dieken f\u00fcr die ganze Arbeit und Unterst\u00fctzung von Anfang an. Danke eine meine neuen Plattenfirma Osnaton Records f\u00fcr die ganze Arbeit und das Vertrauen in meine Person. Nat\u00fcrlich auch Herzlich Willkommen, meine liebe Elke Kr\u00fcger &#8211; die Fernsehpromoterin schlechthin. Danke, dass du an mich glaubst und ich freue mich riesig auf die Zukunft <span class=\"_5mfr _47e3\"><img decoding=\"async\" loading=\"lazy\" class=\"img\" role=\"presentation\" src=\"https:\/\/static.xx.fbcdn.net\/images\/emoji.php\/v9\/f7f\/1\/16\/1f60a.png\" alt=\"\" width=\"16\" height=\"16\" \/><span class=\"_7oe\">&#x1f60a;<\/span><\/span><\/p>\n<p>Danke an Smago, danke an Schlager.de, danke an meine Fans ohne Euch w\u00e4re jeder K\u00fcnstler nichts. Danke an Euch alle und ich hoffe wir blicken zusammen in eine tolle und Erfolgreiche Zukunft.<\/p>\n<p>Euer<br \/>\n<\/span><\/em><\/p>\n<p><em>Alexander&#8220;<\/em><\/p>\n<\/div>\n<\/div>\n<\/div>\n<\/div>\n<\/div>\n<\/div>\n<\/div>\n<\/div>\n<\/div>\n<\/div>\n<\/div>\n<\/div>\n<\/div>\n<\/div>\n<\/div>\n<\/div>\n<\/div>\n<\/div>\n<\/div>\n<\/div>\n<\/div>\n<\/div>\n<p><!-more-><\/p>\n<p><!-more-><\/p>\n<p><!-more-><\/p>\n","protected":false},"excerpt":{"rendered":"<p>Auch wenn sein aktueller Song &#8222;Geht gar nicht&#8220; hei\u00dft &#8230;. Alexander Martin wei\u00df, was sich geh\u00f6rt &#8230;: Voller Stolz nahm<\/p>\n","protected":false},"author":2,"featured_media":52174,"comment_status":"closed","ping_status":"closed","sticky":false,"template":"","format":"standard","meta":{"_FSMCFIC_featured_image_caption":"","_FSMCFIC_featured_image_nocaption":"","_FSMCFIC_featured_image_hide":""},"categories":[28],"tags":[122,121],"acf":[],"_links":{"self":[{"href":"https:\/\/smago.de\/ws2\/wp-json\/wp\/v2\/posts\/51992"}],"collection":[{"href":"https:\/\/smago.de\/ws2\/wp-json\/wp\/v2\/posts"}],"about":[{"href":"https:\/\/smago.de\/ws2\/wp-json\/wp\/v2\/types\/post"}],"author":[{"embeddable":true,"href":"https:\/\/smago.de\/ws2\/wp-json\/wp\/v2\/users\/2"}],"replies":[{"embeddable":true,"href":"https:\/\/smago.de\/ws2\/wp-json\/wp\/v2\/comments?post=51992"}],"version-history":[{"count":5,"href":"https:\/\/smago.de\/ws2\/wp-json\/wp\/v2\/posts\/51992\/revisions"}],"predecessor-version":[{"id":52175,"href":"https:\/\/smago.de\/ws2\/wp-json\/wp\/v2\/posts\/51992\/revisions\/52175"}],"wp:featuredmedia":[{"embeddable":true,"href":"https:\/\/smago.de\/ws2\/wp-json\/wp\/v2\/media\/52174"}],"wp:attachment":[{"href":"https:\/\/smago.de\/ws2\/wp-json\/wp\/v2\/media?parent=51992"}],"wp:term":[{"taxonomy":"category","embeddable":true,"href":"https:\/\/smago.de\/ws2\/wp-json\/wp\/v2\/categories?post=51992"},{"taxonomy":"post_tag","embeddable":true,"href":"https:\/\/smago.de\/ws2\/wp-json\/wp\/v2\/tags?post=51992"}],"curies":[{"name":"wp","href":"https:\/\/api.w.org\/{rel}","templated":true}]}}