{"id":51940,"date":"2018-06-15T00:00:50","date_gmt":"2018-06-14T22:00:50","guid":{"rendered":"https:\/\/smago.de\/?p=51940"},"modified":"2018-06-14T23:58:13","modified_gmt":"2018-06-14T21:58:13","slug":"dschinghis-khan","status":"publish","type":"post","link":"https:\/\/smago.de\/ws2\/schlager\/dschinghis-khan\/","title":{"rendered":"DSCHINGHIS KHAN<br>Gro\u00dfe Freude bei Dschinghis Khan \u00fcber ihre smago! Awards!"},"content":{"rendered":"<p>Ihr Auftritt war die absolute Sensation beim <em>smago!<\/em> Award am 10.06.2018 in Klaffenbach. Die Rede ist von DSCHINGHIS KHAN, der weltweit erfolgreichsten deutschsprachigen Gruppe aller Zeiten.<\/p>\n<p>Nun ist es beim <em>smago!<\/em> Award ein ungeschriebenes Gesetz, dass bei Bands jedes einzelne Mitglied einen Award bekommt. Und genau das kam bei Dschinghis Khan-S\u00e4ngerin der ersten Stunde, Henriette Strobel, ganz besonders gut an: &#8222;Wir haben ja schon ein paar J\u00e4hrchen auf dem Buckel&#8220;, sagte sie und freute sich, &#8222;dass wir das jetzt ALLE\u00a0bekommen&#8220;. &#8222;Fr\u00fcher gab es EINEN Bambi oder was auch immer. Immer nur einen &#8211; f\u00fcr sechs Personen.&#8220; Und mit der S\u00e4ge wollte man den Preis ja auch nicht in sechs St\u00fccke schneiden. Dass es beim <em>smago!<\/em> Award nun f\u00fcr ALLE Mitglieder einen Award gab, begeisterte Henriette Strobel \u00fcber alle Ma\u00dfen: &#8222;Das find&#8216; ich toll &#8211; wir sind \u00fcberrascht&#8220;.<\/p>\n<p>Und Edina Pop, die ebenfalls zur Ursprungsformation von Dschinghis Khan z\u00e4hlt, sagte bei der Award-\u00dcbergabe: &#8222;Wir freuen uns riesig&#8220;.<\/p>\n<p>Ebenfalls mir einem smago! Award f\u00fcr Dschinghis Khan ausgezeichnete wurde der langj\u00e4hrige Band-Manager und &#8222;Mastermind&#8220; Heinz Gross.<\/p>\n<p>Darauf ein dreifaches &#8222;huh !!! hah !!! &#8211; huh !!! &#8211; ha !!!&#8220;.<\/p>\n<p><em>&#8217;smago!<\/em> bedankt sich insbesondere auch bei Ralph Siegel, der den Stargast-Auftritt von Dschinghis Khan beim smago! Award m\u00f6glich gemacht hat.<\/p>\n<p>Dschinghis Khan &#8211; Die Legende lebt weiter &#8230;<\/p>\n<p><em>Das Foto (Credit: <strong><a href=\"http:\/\/www.eljayphoto.de\">eljayphoto<\/a><\/strong> \/ <strong><a href=\"http:\/\/www.aileenjahn.de\">Aileen Jahn<\/a><\/strong>) zeigt Dschinghis Khan mit Bayern plus-Moderator Harry Blaha (ganz links).<\/em><\/p>\n","protected":false},"excerpt":{"rendered":"<p>Ihr Auftritt war die absolute Sensation beim smago! Award am 10.06.2018 in Klaffenbach. Die Rede ist von DSCHINGHIS KHAN, der<\/p>\n","protected":false},"author":2,"featured_media":52131,"comment_status":"closed","ping_status":"closed","sticky":false,"template":"","format":"standard","meta":{"_FSMCFIC_featured_image_caption":"","_FSMCFIC_featured_image_nocaption":"","_FSMCFIC_featured_image_hide":""},"categories":[29,39],"tags":[111],"acf":[],"_links":{"self":[{"href":"https:\/\/smago.de\/ws2\/wp-json\/wp\/v2\/posts\/51940"}],"collection":[{"href":"https:\/\/smago.de\/ws2\/wp-json\/wp\/v2\/posts"}],"about":[{"href":"https:\/\/smago.de\/ws2\/wp-json\/wp\/v2\/types\/post"}],"author":[{"embeddable":true,"href":"https:\/\/smago.de\/ws2\/wp-json\/wp\/v2\/users\/2"}],"replies":[{"embeddable":true,"href":"https:\/\/smago.de\/ws2\/wp-json\/wp\/v2\/comments?post=51940"}],"version-history":[{"count":4,"href":"https:\/\/smago.de\/ws2\/wp-json\/wp\/v2\/posts\/51940\/revisions"}],"predecessor-version":[{"id":52132,"href":"https:\/\/smago.de\/ws2\/wp-json\/wp\/v2\/posts\/51940\/revisions\/52132"}],"wp:featuredmedia":[{"embeddable":true,"href":"https:\/\/smago.de\/ws2\/wp-json\/wp\/v2\/media\/52131"}],"wp:attachment":[{"href":"https:\/\/smago.de\/ws2\/wp-json\/wp\/v2\/media?parent=51940"}],"wp:term":[{"taxonomy":"category","embeddable":true,"href":"https:\/\/smago.de\/ws2\/wp-json\/wp\/v2\/categories?post=51940"},{"taxonomy":"post_tag","embeddable":true,"href":"https:\/\/smago.de\/ws2\/wp-json\/wp\/v2\/tags?post=51940"}],"curies":[{"name":"wp","href":"https:\/\/api.w.org\/{rel}","templated":true}]}}